{"id":242,"date":"2023-12-05T12:39:57","date_gmt":"2023-12-05T12:39:57","guid":{"rendered":"https:\/\/radan.ro\/?p=242"},"modified":"2023-12-19T16:57:07","modified_gmt":"2023-12-19T16:57:07","slug":"extrudare-lemn-compozit-wpc","status":"publish","type":"post","link":"https:\/\/radan.ro\/en\/hans-weber\/extrudare-lemn-compozit-wpc\/","title":{"rendered":"Composite Wood Extrusion (WPC)"},"content":{"rendered":"<div data-elementor-type=\"wp-post\" data-elementor-id=\"242\" class=\"elementor elementor-242\" data-elementor-post-type=\"post\">\n\t\t\t\t\t\t\t<div class=\"elementor-element elementor-element-152d7171 e-flex e-con-boxed e-con e-parent\" data-id=\"152d7171\" data-element_type=\"container\" data-settings=\"{&quot;container_type&quot;:&quot;flex&quot;,&quot;content_width&quot;:&quot;boxed&quot;}\" data-core-v316-plus=\"true\">\n\t\t\t\t\t<div class=\"e-con-inner\">\n\t\t\t\t<div class=\"elementor-element elementor-element-368ecbe5 elementor-widget elementor-widget-text-editor\" data-id=\"368ecbe5\" data-element_type=\"widget\" data-widget_type=\"text-editor.default\">\n\t\t\t\t<div class=\"elementor-widget-container\">\n\t\t\t<style>\/*! elementor - v3.17.0 - 08-11-2023 *\/\n.elementor-widget-text-editor.elementor-drop-cap-view-stacked .elementor-drop-cap{background-color:#69727d;color:#fff}.elementor-widget-text-editor.elementor-drop-cap-view-framed .elementor-drop-cap{color:#69727d;border:3px solid;background-color:transparent}.elementor-widget-text-editor:not(.elementor-drop-cap-view-default) .elementor-drop-cap{margin-top:8px}.elementor-widget-text-editor:not(.elementor-drop-cap-view-default) .elementor-drop-cap-letter{width:1em;height:1em}.elementor-widget-text-editor .elementor-drop-cap{float:left;text-align:center;line-height:1;font-size:50px}.elementor-widget-text-editor .elementor-drop-cap-letter{display:inline-block}<\/style>\t\t\t\t<p><!-- wp:paragraph --><\/p>\n<p>Explore the advanced capabilities of the CE FE and DS FE series extruders, specially designed to meet the complex processing needs of composite wood. These machines represent the pinnacle of technology in the field, offering an ideal combination of efficiency, durability and versatility.<\/p><p><span style=\"color: rgb(0, 35, 149); font-size: 18px; font-weight: 700; background-color: transparent; font-family: var( --e-global-typography-text-font-family ), Sans-serif;\">Advantages<\/span><\/p><ul><li>Low Shearing Speeds: This feature ensures gentle processing, perfect for sensitive materials like WPC (Wood Plastic Composite).<\/li>\n<p><!-- \/wp:list-item --><\/p>\n<p><!-- wp:list-item --><\/p>\n<li>Moderate Melt Temperatures: Optimized melt temperatures guarantee superior finished product quality without compromising the material's structure.<\/li>\n<p><!-- \/wp:list-item --><\/p>\n<p><!-- wp:list-item --><\/p>\n<li>High Torque: Robust and reliable performance, even under demanding working conditions.<\/li>\n<p><!-- \/wp:list-item --><\/p>\n<p><!-- wp:list-item --><\/p>\n<li>Self-Cleaning Function with Short Dwell Times: This innovative feature ensures consistent efficiency and reduces the need for frequent maintenance.<\/li>\n<p><!-- \/wp:list-item --><\/p>\n<p><!-- wp:list-item --><\/p>\n<li>Versatile Material Processing: The CE FE  and DS FE series can handle a wide range of materials, from loose fabrics to compounds and pellets, offering remarkable flexibility.<\/li>\n<p><!-- \/wp:list-item --><\/p>\n<p><!-- wp:list-item --><\/p>\n<li>Consistent and High-Quality Production: Uniform output ensures consistent product quality, regardless of the material's complexity.<\/li>\n<p><!-- \/wp:list-item --><\/p>\n<p><!-- wp:list-item --><\/p>\n<li>Active and Passive Degassing: Advanced degassing systems improve the quality and consistency of the extruded material.<\/li>\n<p><!-- \/wp:list-item --><\/p>\n<p><!-- wp:list-item --><\/p>\n<li>Optimized Wear Protection: Enhanced durability and minimal maintenance needs are assured by an advanced wear protection design.<\/li>\n<p><!-- \/wp:list-item --><\/p>\n<\/ul>\n<p><!-- \/wp:list --><\/p>\n<p><!-- wp:paragraph --><\/p>\n<p><br><\/p>\n<p>With the CE FE and DS FE series, you get extrusion technology that exceeds industry expectations. Discover how these innovative solutions can revolutionize your production process, offering a perfect balance between efficiency, quality and reliability.<\/p>\n<p><!-- \/wp:paragraph --><\/p>\n<p><!-- wp:spacer {\"height\":\"40px\"} --><\/p>\n<div style=\"height:40px\" aria-hidden=\"true\"><\/div>\n<p><!-- \/wp:spacer --><\/p>\n<p><!-- wp:heading {\"level\":3} --><\/p>\n<h3>Capacities<\/h3>\n<p><!-- \/wp:heading --><\/p>\n<p><!-- wp:table --><\/p>\n<figure>\n<table>\n<tbody>\n<tr>\n<td>CE 5 FE<\/td>\n<td>70 kg\/h<\/td>\n<\/tr>\n<tr>\n<td>CE 7 FE<\/td>\n<td>120 kg\/h<\/td>\n<\/tr>\n<tr>\n<td>CE 8 FE<\/td>\n<td>160 kg\/h<\/td>\n<\/tr>\n<tr>\n<td>DS 7 FE<\/td>\n<td>100kg\/h<\/td>\n<\/tr>\n<tr>\n<td>DS 9 FE<\/td>\n<td>300 kg\/h<\/td>\n<\/tr>\n<tr>\n<td>DS 11 FE<\/td>\n<td>450 kg\/h<\/td>\n<\/tr>\n<tr>\n<td>DS 15 FE<\/td>\n<td>1000 kg\/h<\/td>\n<\/tr>\n<\/tbody>\n<\/table>\n<\/figure>\n<p><!-- \/wp:table --><\/p>\n<p><!-- wp:image {\"id\":243,\"width\":\"251px\",\"height\":\"auto\",\"sizeSlug\":\"full\",\"linkDestination\":\"none\"} --><\/p>\n<figure><img decoding=\"async\" src=\"https:\/\/radan.ro\/wp-content\/uploads\/2023\/12\/unnamed-4.jpg\" alt=\"\" style=\"width:251px;height:auto\"><\/figure>\n<p><!-- \/wp:image --><\/p>\t\t\t\t\t\t<\/div>\n\t\t\t\t<\/div>\n\t\t\t\t\t<\/div>\n\t\t\t\t<\/div>\n\t\t\t\t\t\t\t<\/div>","protected":false},"excerpt":{"rendered":"<p>Explora\u021bi capabilit\u0103\u021bile avansate ale extruderelor din seriile CE FE \u0219i DS FE, special concepute pentru a r\u0103spunde nevoilor complexe de prelucrare ale lemnului compozit. Aceste ma\u0219ini reprezint\u0103 v\u00e2rful tehnologiei \u00een domeniu, oferind o combina\u021bie ideal\u0103 de eficien\u021b\u0103, durabilitate \u0219i versatilitate. Avantaje Viteze Reduse de Forfecare: Aceast\u0103 caracteristic\u0103 asigur\u0103 procesarea delicat\u0103, ideal\u0103 pentru materiale sensibile precum [&hellip;]<\/p>","protected":false},"author":1,"featured_media":239,"comment_status":"open","ping_status":"open","sticky":false,"template":"","format":"standard","meta":{"footnotes":""},"categories":[6],"tags":[],"class_list":["post-242","post","type-post","status-publish","format-standard","has-post-thumbnail","hentry","category-hans-weber"],"yoast_head":"<!-- This site is optimized with the Yoast SEO plugin v21.8 - https:\/\/yoast.com\/wordpress\/plugins\/seo\/ -->\n<title>Extrudare Lemn Compozit (WPC) - Radan<\/title>\n<meta name=\"robots\" content=\"index, follow, max-snippet:-1, max-image-preview:large, max-video-preview:-1\" \/>\n<link rel=\"canonical\" href=\"https:\/\/radan.ro\/en\/hans-weber\/extrudare-lemn-compozit-wpc\/\" \/>\n<meta property=\"og:locale\" content=\"en_GB\" \/>\n<meta property=\"og:type\" content=\"article\" \/>\n<meta property=\"og:title\" content=\"Extrudare Lemn Compozit (WPC) - Radan\" \/>\n<meta property=\"og:description\" content=\"Explora\u021bi capabilit\u0103\u021bile avansate ale extruderelor din seriile CE FE \u0219i DS FE, special concepute pentru a r\u0103spunde nevoilor complexe de prelucrare ale lemnului compozit. Aceste ma\u0219ini reprezint\u0103 v\u00e2rful tehnologiei \u00een domeniu, oferind o combina\u021bie ideal\u0103 de eficien\u021b\u0103, durabilitate \u0219i versatilitate. Avantaje Viteze Reduse de Forfecare: Aceast\u0103 caracteristic\u0103 asigur\u0103 procesarea delicat\u0103, ideal\u0103 pentru materiale sensibile precum [&hellip;]\" \/>\n<meta property=\"og:url\" content=\"https:\/\/radan.ro\/en\/hans-weber\/extrudare-lemn-compozit-wpc\/\" \/>\n<meta property=\"og:site_name\" content=\"Radan\" \/>\n<meta property=\"article:published_time\" content=\"2023-12-05T12:39:57+00:00\" \/>\n<meta property=\"article:modified_time\" content=\"2023-12-19T16:57:07+00:00\" \/>\n<meta property=\"og:image\" content=\"https:\/\/radan.ro\/wp-content\/uploads\/2023\/12\/unnamed-1.png\" \/>\n\t<meta property=\"og:image:width\" content=\"512\" \/>\n\t<meta property=\"og:image:height\" content=\"288\" \/>\n\t<meta property=\"og:image:type\" content=\"image\/png\" \/>\n<meta name=\"author\" content=\"admin\" \/>\n<meta name=\"twitter:card\" content=\"summary_large_image\" \/>\n<meta name=\"twitter:label1\" content=\"Written by\" \/>\n\t<meta name=\"twitter:data1\" content=\"admin\" \/>\n\t<meta name=\"twitter:label2\" content=\"Estimated reading time\" \/>\n\t<meta name=\"twitter:data2\" content=\"1 minute\" \/>\n<script type=\"application\/ld+json\" class=\"yoast-schema-graph\">{\"@context\":\"https:\/\/schema.org\",\"@graph\":[{\"@type\":\"Article\",\"@id\":\"https:\/\/radan.ro\/hans-weber\/extrudare-lemn-compozit-wpc\/#article\",\"isPartOf\":{\"@id\":\"https:\/\/radan.ro\/hans-weber\/extrudare-lemn-compozit-wpc\/\"},\"author\":{\"name\":\"admin\",\"@id\":\"https:\/\/radan.ro\/#\/schema\/person\/35a8ffcb0421589073943b1459ceedf4\"},\"headline\":\"Extrudare Lemn Compozit (WPC)\",\"datePublished\":\"2023-12-05T12:39:57+00:00\",\"dateModified\":\"2023-12-19T16:57:07+00:00\",\"mainEntityOfPage\":{\"@id\":\"https:\/\/radan.ro\/hans-weber\/extrudare-lemn-compozit-wpc\/\"},\"wordCount\":300,\"commentCount\":0,\"publisher\":{\"@id\":\"https:\/\/radan.ro\/#organization\"},\"articleSection\":[\"Hans WEBER\"],\"inLanguage\":\"en-GB\",\"potentialAction\":[{\"@type\":\"CommentAction\",\"name\":\"Comment\",\"target\":[\"https:\/\/radan.ro\/hans-weber\/extrudare-lemn-compozit-wpc\/#respond\"]}]},{\"@type\":\"WebPage\",\"@id\":\"https:\/\/radan.ro\/hans-weber\/extrudare-lemn-compozit-wpc\/\",\"url\":\"https:\/\/radan.ro\/hans-weber\/extrudare-lemn-compozit-wpc\/\",\"name\":\"Extrudare Lemn Compozit (WPC) - Radan\",\"isPartOf\":{\"@id\":\"https:\/\/radan.ro\/#website\"},\"datePublished\":\"2023-12-05T12:39:57+00:00\",\"dateModified\":\"2023-12-19T16:57:07+00:00\",\"breadcrumb\":{\"@id\":\"https:\/\/radan.ro\/hans-weber\/extrudare-lemn-compozit-wpc\/#breadcrumb\"},\"inLanguage\":\"en-GB\",\"potentialAction\":[{\"@type\":\"ReadAction\",\"target\":[\"https:\/\/radan.ro\/hans-weber\/extrudare-lemn-compozit-wpc\/\"]}]},{\"@type\":\"BreadcrumbList\",\"@id\":\"https:\/\/radan.ro\/hans-weber\/extrudare-lemn-compozit-wpc\/#breadcrumb\",\"itemListElement\":[{\"@type\":\"ListItem\",\"position\":1,\"name\":\"Home\",\"item\":\"https:\/\/radan.ro\/\"},{\"@type\":\"ListItem\",\"position\":2,\"name\":\"Extrudare Lemn Compozit (WPC)\"}]},{\"@type\":\"WebSite\",\"@id\":\"https:\/\/radan.ro\/#website\",\"url\":\"https:\/\/radan.ro\/\",\"name\":\"Radan\",\"description\":\"Construim \u00eempreun\u0103 un viitor sustenabil \u00een prelucrarea maselor plastice.\",\"publisher\":{\"@id\":\"https:\/\/radan.ro\/#organization\"},\"potentialAction\":[{\"@type\":\"SearchAction\",\"target\":{\"@type\":\"EntryPoint\",\"urlTemplate\":\"https:\/\/radan.ro\/?s={search_term_string}\"},\"query-input\":\"required name=search_term_string\"}],\"inLanguage\":\"en-GB\"},{\"@type\":\"Organization\",\"@id\":\"https:\/\/radan.ro\/#organization\",\"name\":\"Radan\",\"url\":\"https:\/\/radan.ro\/\",\"logo\":{\"@type\":\"ImageObject\",\"inLanguage\":\"en-GB\",\"@id\":\"https:\/\/radan.ro\/#\/schema\/logo\/image\/\",\"url\":\"https:\/\/radan.ro\/wp-content\/uploads\/2023\/11\/rsz_logo_radan_no_bg-2.webp\",\"contentUrl\":\"https:\/\/radan.ro\/wp-content\/uploads\/2023\/11\/rsz_logo_radan_no_bg-2.webp\",\"width\":877,\"height\":1240,\"caption\":\"Radan\"},\"image\":{\"@id\":\"https:\/\/radan.ro\/#\/schema\/logo\/image\/\"},\"sameAs\":[\"https:\/\/www.linkedin.com\/company\/radan-ro\/\"]},{\"@type\":\"Person\",\"@id\":\"https:\/\/radan.ro\/#\/schema\/person\/35a8ffcb0421589073943b1459ceedf4\",\"name\":\"admin\",\"image\":{\"@type\":\"ImageObject\",\"inLanguage\":\"en-GB\",\"@id\":\"https:\/\/radan.ro\/#\/schema\/person\/image\/\",\"url\":\"https:\/\/secure.gravatar.com\/avatar\/fe1dd550bf51c68fa9118efa08b9edcc3dfb14ee7580e3d5d6ab0a8413cd9525?s=96&d=mm&r=g\",\"contentUrl\":\"https:\/\/secure.gravatar.com\/avatar\/fe1dd550bf51c68fa9118efa08b9edcc3dfb14ee7580e3d5d6ab0a8413cd9525?s=96&d=mm&r=g\",\"caption\":\"admin\"},\"sameAs\":[\"https:\/\/radan.ro\"],\"url\":\"https:\/\/radan.ro\/en\/author\/admin\/\"}]}<\/script>\n<!-- \/ Yoast SEO plugin. -->","yoast_head_json":{"title":"Extrudare Lemn Compozit (WPC) - Radan","robots":{"index":"index","follow":"follow","max-snippet":"max-snippet:-1","max-image-preview":"max-image-preview:large","max-video-preview":"max-video-preview:-1"},"canonical":"https:\/\/radan.ro\/en\/hans-weber\/extrudare-lemn-compozit-wpc\/","og_locale":"en_GB","og_type":"article","og_title":"Extrudare Lemn Compozit (WPC) - Radan","og_description":"Explora\u021bi capabilit\u0103\u021bile avansate ale extruderelor din seriile CE FE \u0219i DS FE, special concepute pentru a r\u0103spunde nevoilor complexe de prelucrare ale lemnului compozit. Aceste ma\u0219ini reprezint\u0103 v\u00e2rful tehnologiei \u00een domeniu, oferind o combina\u021bie ideal\u0103 de eficien\u021b\u0103, durabilitate \u0219i versatilitate. Avantaje Viteze Reduse de Forfecare: Aceast\u0103 caracteristic\u0103 asigur\u0103 procesarea delicat\u0103, ideal\u0103 pentru materiale sensibile precum [&hellip;]","og_url":"https:\/\/radan.ro\/en\/hans-weber\/extrudare-lemn-compozit-wpc\/","og_site_name":"Radan","article_published_time":"2023-12-05T12:39:57+00:00","article_modified_time":"2023-12-19T16:57:07+00:00","og_image":[{"width":512,"height":288,"url":"https:\/\/radan.ro\/wp-content\/uploads\/2023\/12\/unnamed-1.png","type":"image\/png"}],"author":"admin","twitter_card":"summary_large_image","twitter_misc":{"Written by":"admin","Estimated reading time":"1 minute"},"schema":{"@context":"https:\/\/schema.org","@graph":[{"@type":"Article","@id":"https:\/\/radan.ro\/hans-weber\/extrudare-lemn-compozit-wpc\/#article","isPartOf":{"@id":"https:\/\/radan.ro\/hans-weber\/extrudare-lemn-compozit-wpc\/"},"author":{"name":"admin","@id":"https:\/\/radan.ro\/#\/schema\/person\/35a8ffcb0421589073943b1459ceedf4"},"headline":"Extrudare Lemn Compozit (WPC)","datePublished":"2023-12-05T12:39:57+00:00","dateModified":"2023-12-19T16:57:07+00:00","mainEntityOfPage":{"@id":"https:\/\/radan.ro\/hans-weber\/extrudare-lemn-compozit-wpc\/"},"wordCount":300,"commentCount":0,"publisher":{"@id":"https:\/\/radan.ro\/#organization"},"articleSection":["Hans WEBER"],"inLanguage":"en-GB","potentialAction":[{"@type":"CommentAction","name":"Comment","target":["https:\/\/radan.ro\/hans-weber\/extrudare-lemn-compozit-wpc\/#respond"]}]},{"@type":"WebPage","@id":"https:\/\/radan.ro\/hans-weber\/extrudare-lemn-compozit-wpc\/","url":"https:\/\/radan.ro\/hans-weber\/extrudare-lemn-compozit-wpc\/","name":"Extrudare Lemn Compozit (WPC) - Radan","isPartOf":{"@id":"https:\/\/radan.ro\/#website"},"datePublished":"2023-12-05T12:39:57+00:00","dateModified":"2023-12-19T16:57:07+00:00","breadcrumb":{"@id":"https:\/\/radan.ro\/hans-weber\/extrudare-lemn-compozit-wpc\/#breadcrumb"},"inLanguage":"en-GB","potentialAction":[{"@type":"ReadAction","target":["https:\/\/radan.ro\/hans-weber\/extrudare-lemn-compozit-wpc\/"]}]},{"@type":"BreadcrumbList","@id":"https:\/\/radan.ro\/hans-weber\/extrudare-lemn-compozit-wpc\/#breadcrumb","itemListElement":[{"@type":"ListItem","position":1,"name":"Home","item":"https:\/\/radan.ro\/"},{"@type":"ListItem","position":2,"name":"Extrudare Lemn Compozit (WPC)"}]},{"@type":"WebSite","@id":"https:\/\/radan.ro\/#website","url":"https:\/\/radan.ro\/","name":"Radan","description":"Construim \u00eempreun\u0103 un viitor sustenabil \u00een prelucrarea maselor plastice.","publisher":{"@id":"https:\/\/radan.ro\/#organization"},"potentialAction":[{"@type":"SearchAction","target":{"@type":"EntryPoint","urlTemplate":"https:\/\/radan.ro\/?s={search_term_string}"},"query-input":"required name=search_term_string"}],"inLanguage":"en-GB"},{"@type":"Organization","@id":"https:\/\/radan.ro\/#organization","name":"Radan","url":"https:\/\/radan.ro\/","logo":{"@type":"ImageObject","inLanguage":"en-GB","@id":"https:\/\/radan.ro\/#\/schema\/logo\/image\/","url":"https:\/\/radan.ro\/wp-content\/uploads\/2023\/11\/rsz_logo_radan_no_bg-2.webp","contentUrl":"https:\/\/radan.ro\/wp-content\/uploads\/2023\/11\/rsz_logo_radan_no_bg-2.webp","width":877,"height":1240,"caption":"Radan"},"image":{"@id":"https:\/\/radan.ro\/#\/schema\/logo\/image\/"},"sameAs":["https:\/\/www.linkedin.com\/company\/radan-ro\/"]},{"@type":"Person","@id":"https:\/\/radan.ro\/#\/schema\/person\/35a8ffcb0421589073943b1459ceedf4","name":"admin","image":{"@type":"ImageObject","inLanguage":"en-GB","@id":"https:\/\/radan.ro\/#\/schema\/person\/image\/","url":"https:\/\/secure.gravatar.com\/avatar\/fe1dd550bf51c68fa9118efa08b9edcc3dfb14ee7580e3d5d6ab0a8413cd9525?s=96&d=mm&r=g","contentUrl":"https:\/\/secure.gravatar.com\/avatar\/fe1dd550bf51c68fa9118efa08b9edcc3dfb14ee7580e3d5d6ab0a8413cd9525?s=96&d=mm&r=g","caption":"admin"},"sameAs":["https:\/\/radan.ro"],"url":"https:\/\/radan.ro\/en\/author\/admin\/"}]}},"_links":{"self":[{"href":"https:\/\/radan.ro\/en\/wp-json\/wp\/v2\/posts\/242","targetHints":{"allow":["GET"]}}],"collection":[{"href":"https:\/\/radan.ro\/en\/wp-json\/wp\/v2\/posts"}],"about":[{"href":"https:\/\/radan.ro\/en\/wp-json\/wp\/v2\/types\/post"}],"author":[{"embeddable":true,"href":"https:\/\/radan.ro\/en\/wp-json\/wp\/v2\/users\/1"}],"replies":[{"embeddable":true,"href":"https:\/\/radan.ro\/en\/wp-json\/wp\/v2\/comments?post=242"}],"version-history":[{"count":18,"href":"https:\/\/radan.ro\/en\/wp-json\/wp\/v2\/posts\/242\/revisions"}],"predecessor-version":[{"id":1206,"href":"https:\/\/radan.ro\/en\/wp-json\/wp\/v2\/posts\/242\/revisions\/1206"}],"wp:featuredmedia":[{"embeddable":true,"href":"https:\/\/radan.ro\/en\/wp-json\/wp\/v2\/media\/239"}],"wp:attachment":[{"href":"https:\/\/radan.ro\/en\/wp-json\/wp\/v2\/media?parent=242"}],"wp:term":[{"taxonomy":"category","embeddable":true,"href":"https:\/\/radan.ro\/en\/wp-json\/wp\/v2\/categories?post=242"},{"taxonomy":"post_tag","embeddable":true,"href":"https:\/\/radan.ro\/en\/wp-json\/wp\/v2\/tags?post=242"}],"curies":[{"name":"wp","href":"https:\/\/api.w.org\/{rel}","templated":true}]}}