{"id":249,"date":"2023-12-05T12:40:26","date_gmt":"2023-12-05T12:40:26","guid":{"rendered":"https:\/\/radan.ro\/?p=249"},"modified":"2023-12-19T16:58:35","modified_gmt":"2023-12-19T16:58:35","slug":"extrudare-profile-tehnice","status":"publish","type":"post","link":"https:\/\/radan.ro\/en\/hans-weber\/extrudare-profile-tehnice\/","title":{"rendered":"Technical Profile Extrusion"},"content":{"rendered":"<div data-elementor-type=\"wp-post\" data-elementor-id=\"249\" class=\"elementor elementor-249\" data-elementor-post-type=\"post\">\n\t\t\t\t\t\t\t<div class=\"elementor-element elementor-element-4813a751 e-flex e-con-boxed e-con e-parent\" data-id=\"4813a751\" data-element_type=\"container\" data-settings=\"{&quot;container_type&quot;:&quot;flex&quot;,&quot;content_width&quot;:&quot;boxed&quot;}\" data-core-v316-plus=\"true\">\n\t\t\t\t\t<div class=\"e-con-inner\">\n\t\t\t\t<div class=\"elementor-element elementor-element-1d29c51 elementor-widget elementor-widget-text-editor\" data-id=\"1d29c51\" data-element_type=\"widget\" data-widget_type=\"text-editor.default\">\n\t\t\t\t<div class=\"elementor-widget-container\">\n\t\t\t<style>\/*! elementor - v3.17.0 - 08-11-2023 *\/\n.elementor-widget-text-editor.elementor-drop-cap-view-stacked .elementor-drop-cap{background-color:#69727d;color:#fff}.elementor-widget-text-editor.elementor-drop-cap-view-framed .elementor-drop-cap{color:#69727d;border:3px solid;background-color:transparent}.elementor-widget-text-editor:not(.elementor-drop-cap-view-default) .elementor-drop-cap{margin-top:8px}.elementor-widget-text-editor:not(.elementor-drop-cap-view-default) .elementor-drop-cap-letter{width:1em;height:1em}.elementor-widget-text-editor .elementor-drop-cap{float:left;text-align:center;line-height:1;font-size:50px}.elementor-widget-text-editor .elementor-drop-cap-letter{display:inline-block}<\/style>\t\t\t\t<p><!-- wp:paragraph --><\/p>\n<p>Explore the PX series from WEBER, single-screw extruders specially designed for the production of technical profiles. These machines are optimized for top performance and maximum efficiency, thanks to an innovative design of the grooved bush and screw. Whether standard solutions or co-extrusion options, the PX series perfectly adapts to your specific requirements.<\/p><p><span style=\"color: rgb(0, 35, 149); font-size: 18px; font-weight: 700; background-color: transparent; font-family: var( --e-global-typography-text-font-family ), Sans-serif;\">Advantages<\/span><\/p><ul><li><span style=\"background-color: transparent; color: var( --e-global-color-text ); font-family: var( --e-global-typography-text-font-family ), Sans-serif;\">Extended Durability and High Performance<\/span><\/li>\n<li><span style=\"background-color: transparent; color: var( --e-global-color-text ); font-family: var( --e-global-typography-text-font-family ), Sans-serif;\">Modular Design:<\/span><span style=\"background-color: transparent; color: var( --e-global-color-text ); font-family: var( --e-global-typography-text-font-family ), Sans-serif;\">Ensures easy access for maintenance<\/span><\/li>\n<li><span style=\"background-color: transparent; color: var( --e-global-color-text ); font-family: var( --e-global-typography-text-font-family ), Sans-serif;\">Interchangeable Components<\/span><\/li>\n<li><span style=\"background-color: transparent; font-size: 12pt; white-space-collapse: preserve; font-family: Arial, sans-serif; color: var( --e-global-color-text );\">Top Quality WEBER<\/span><span style=\"background-color: transparent; font-size: 12pt; white-space-collapse: preserve; font-family: Arial, sans-serif; color: var( --e-global-color-text );\">, Made in Germany<\/span><\/li>\n<li><span style=\"background-color: transparent; color: var( --e-global-color-text ); font-family: var( --e-global-typography-text-font-family ), Sans-serif;\">Competitive Quality-Price Ratio<\/span><span style=\"background-color: transparent; color: var( --e-global-color-text ); font-family: var( --e-global-typography-text-font-family ), Sans-serif;\">: A valuable investment for your business<\/span><\/li>\n<li><span style=\"background-color: transparent; color: var( --e-global-color-text ); font-family: var( --e-global-typography-text-font-family ), Sans-serif;\">Continuous and Efficient Operation<\/span><span style=\"background-color: transparent; color: var( --e-global-color-text ); font-family: var( --e-global-typography-text-font-family ), Sans-serif;\">: Maximize productivity without interruptions<\/span><\/li>\n<\/ul>\n<p><span style=\"background-color: transparent; color: var( --e-global-color-text ); font-family: var( --e-global-typography-text-font-family ), Sans-serif;\">&nbsp;<\/span><\/p>\n<p><span style=\"background-color: transparent; color: var( --e-global-color-text ); font-family: var( --e-global-typography-text-font-family ), Sans-serif;\">Discover how the WEBER PX series can revolutionize your profile production, offering customized solutions, durability, and efficiency.<\/span><\/p>\n<p><!-- \/wp:paragraph --><\/p>\n<p><!-- wp:spacer {\"height\":\"40px\"} --><\/p>\n<div style=\"height: 40px;\" aria-hidden=\"true\">&nbsp;<\/div>\n<p><!-- \/wp:spacer --><\/p>\n<p><!-- wp:heading {\"level\":3} --><\/p>\n<h3>Capacities<\/h3>\n<p><!-- \/wp:heading --><\/p>\n<p><!-- wp:table --><\/p>\n<figure>\n<table>\n<tbody>\n<tr>\n<td>PX20.20 (PX2)<\/td>\n<td>5 kg\/h<\/td>\n<\/tr>\n<tr>\n<td>PX20.25 (PX2)<\/td>\n<td>6 kg\/h<\/td>\n<\/tr>\n<tr>\n<td>PX30.25 (PX3)<\/td>\n<td>20 kg\/h<\/td>\n<\/tr>\n<tr>\n<td>PX25.30 (PX3)<\/td>\n<td>25 kg\/h<\/td>\n<\/tr>\n<tr>\n<td>PX45.25 (PX4)<\/td>\n<td>35 kg\/h<\/td>\n<\/tr>\n<tr>\n<td>PX35.30 (PX4)<\/td>\n<td>75 kg\/h<\/td>\n<\/tr>\n<tr>\n<td>PX60.25 (PX6)<\/td>\n<td>80 kg\/h<\/td>\n<\/tr>\n<tr>\n<td>PX50.30 (PX6)<\/td>\n<td>100 kg\/h<\/td>\n<\/tr>\n<tr>\n<td>PX80.25 (PX8)<\/td>\n<td>100 kg\/h<\/td>\n<\/tr>\n<\/tbody>\n<\/table>\n<\/figure>\n<p><!-- \/wp:table --><\/p>\n<p><!-- wp:image {\"id\":251,\"width\":\"230px\",\"height\":\"auto\",\"sizeSlug\":\"full\",\"linkDestination\":\"none\"} --><\/p>\n<figure><img decoding=\"async\" style=\"width: 230px; height: auto;\" src=\"https:\/\/radan.ro\/wp-content\/uploads\/2023\/12\/unnamed-5.jpg\" alt=\"\"><\/figure>\n<p><!-- \/wp:image --><\/p>\t\t\t\t\t\t<\/div>\n\t\t\t\t<\/div>\n\t\t\t\t\t<\/div>\n\t\t\t\t<\/div>\n\t\t\t\t\t\t\t<\/div>","protected":false},"excerpt":{"rendered":"<p>Explora\u021bi seria PX de la WEBER, extrudere cu un singur melc special concepute pentru produc\u021bia de profile tehnice. Aceste ma\u0219ini sunt optimizate pentru a atinge performan\u021be de top \u0219i eficien\u021b\u0103 maxim\u0103, datorit\u0103 unui design inovator al bu\u0219ei canelate \u0219i al melcului. Fie c\u0103 este vorba de solu\u021bii standard sau de op\u021biuni de co-extrudare, seria PX [&hellip;]<\/p>","protected":false},"author":1,"featured_media":253,"comment_status":"open","ping_status":"open","sticky":false,"template":"","format":"standard","meta":{"footnotes":""},"categories":[6],"tags":[],"class_list":["post-249","post","type-post","status-publish","format-standard","has-post-thumbnail","hentry","category-hans-weber"],"yoast_head":"<!-- This site is optimized with the Yoast SEO plugin v21.8 - https:\/\/yoast.com\/wordpress\/plugins\/seo\/ -->\n<title>Extrudare Profile Tehnice - Radan<\/title>\n<meta name=\"robots\" content=\"index, follow, max-snippet:-1, max-image-preview:large, max-video-preview:-1\" \/>\n<link rel=\"canonical\" href=\"https:\/\/radan.ro\/en\/hans-weber\/extrudare-profile-tehnice\/\" \/>\n<meta property=\"og:locale\" content=\"en_GB\" \/>\n<meta property=\"og:type\" content=\"article\" \/>\n<meta property=\"og:title\" content=\"Extrudare Profile Tehnice - Radan\" \/>\n<meta property=\"og:description\" content=\"Explora\u021bi seria PX de la WEBER, extrudere cu un singur melc special concepute pentru produc\u021bia de profile tehnice. Aceste ma\u0219ini sunt optimizate pentru a atinge performan\u021be de top \u0219i eficien\u021b\u0103 maxim\u0103, datorit\u0103 unui design inovator al bu\u0219ei canelate \u0219i al melcului. Fie c\u0103 este vorba de solu\u021bii standard sau de op\u021biuni de co-extrudare, seria PX [&hellip;]\" \/>\n<meta property=\"og:url\" content=\"https:\/\/radan.ro\/en\/hans-weber\/extrudare-profile-tehnice\/\" \/>\n<meta property=\"og:site_name\" content=\"Radan\" \/>\n<meta property=\"article:published_time\" content=\"2023-12-05T12:40:26+00:00\" \/>\n<meta property=\"article:modified_time\" content=\"2023-12-19T16:58:35+00:00\" \/>\n<meta property=\"og:image\" content=\"https:\/\/radan.ro\/wp-content\/uploads\/2023\/12\/unnamed__3_-removebg-preview.png\" \/>\n\t<meta property=\"og:image:width\" content=\"452\" \/>\n\t<meta property=\"og:image:height\" content=\"255\" \/>\n\t<meta property=\"og:image:type\" content=\"image\/png\" \/>\n<meta name=\"author\" content=\"admin\" \/>\n<meta name=\"twitter:card\" content=\"summary_large_image\" \/>\n<meta name=\"twitter:label1\" content=\"Written by\" \/>\n\t<meta name=\"twitter:data1\" content=\"admin\" \/>\n\t<meta name=\"twitter:label2\" content=\"Estimated reading time\" \/>\n\t<meta name=\"twitter:data2\" content=\"1 minute\" \/>\n<script type=\"application\/ld+json\" class=\"yoast-schema-graph\">{\"@context\":\"https:\/\/schema.org\",\"@graph\":[{\"@type\":\"Article\",\"@id\":\"https:\/\/radan.ro\/hans-weber\/extrudare-profile-tehnice\/#article\",\"isPartOf\":{\"@id\":\"https:\/\/radan.ro\/hans-weber\/extrudare-profile-tehnice\/\"},\"author\":{\"name\":\"admin\",\"@id\":\"https:\/\/radan.ro\/#\/schema\/person\/35a8ffcb0421589073943b1459ceedf4\"},\"headline\":\"Extrudare Profile Tehnice\",\"datePublished\":\"2023-12-05T12:40:26+00:00\",\"dateModified\":\"2023-12-19T16:58:35+00:00\",\"mainEntityOfPage\":{\"@id\":\"https:\/\/radan.ro\/hans-weber\/extrudare-profile-tehnice\/\"},\"wordCount\":182,\"commentCount\":0,\"publisher\":{\"@id\":\"https:\/\/radan.ro\/#organization\"},\"articleSection\":[\"Hans WEBER\"],\"inLanguage\":\"en-GB\",\"potentialAction\":[{\"@type\":\"CommentAction\",\"name\":\"Comment\",\"target\":[\"https:\/\/radan.ro\/hans-weber\/extrudare-profile-tehnice\/#respond\"]}]},{\"@type\":\"WebPage\",\"@id\":\"https:\/\/radan.ro\/hans-weber\/extrudare-profile-tehnice\/\",\"url\":\"https:\/\/radan.ro\/hans-weber\/extrudare-profile-tehnice\/\",\"name\":\"Extrudare Profile Tehnice - Radan\",\"isPartOf\":{\"@id\":\"https:\/\/radan.ro\/#website\"},\"datePublished\":\"2023-12-05T12:40:26+00:00\",\"dateModified\":\"2023-12-19T16:58:35+00:00\",\"breadcrumb\":{\"@id\":\"https:\/\/radan.ro\/hans-weber\/extrudare-profile-tehnice\/#breadcrumb\"},\"inLanguage\":\"en-GB\",\"potentialAction\":[{\"@type\":\"ReadAction\",\"target\":[\"https:\/\/radan.ro\/hans-weber\/extrudare-profile-tehnice\/\"]}]},{\"@type\":\"BreadcrumbList\",\"@id\":\"https:\/\/radan.ro\/hans-weber\/extrudare-profile-tehnice\/#breadcrumb\",\"itemListElement\":[{\"@type\":\"ListItem\",\"position\":1,\"name\":\"Home\",\"item\":\"https:\/\/radan.ro\/\"},{\"@type\":\"ListItem\",\"position\":2,\"name\":\"Extrudare Profile Tehnice\"}]},{\"@type\":\"WebSite\",\"@id\":\"https:\/\/radan.ro\/#website\",\"url\":\"https:\/\/radan.ro\/\",\"name\":\"Radan\",\"description\":\"Construim \u00eempreun\u0103 un viitor sustenabil \u00een prelucrarea maselor plastice.\",\"publisher\":{\"@id\":\"https:\/\/radan.ro\/#organization\"},\"potentialAction\":[{\"@type\":\"SearchAction\",\"target\":{\"@type\":\"EntryPoint\",\"urlTemplate\":\"https:\/\/radan.ro\/?s={search_term_string}\"},\"query-input\":\"required name=search_term_string\"}],\"inLanguage\":\"en-GB\"},{\"@type\":\"Organization\",\"@id\":\"https:\/\/radan.ro\/#organization\",\"name\":\"Radan\",\"url\":\"https:\/\/radan.ro\/\",\"logo\":{\"@type\":\"ImageObject\",\"inLanguage\":\"en-GB\",\"@id\":\"https:\/\/radan.ro\/#\/schema\/logo\/image\/\",\"url\":\"https:\/\/radan.ro\/wp-content\/uploads\/2023\/11\/rsz_logo_radan_no_bg-2.webp\",\"contentUrl\":\"https:\/\/radan.ro\/wp-content\/uploads\/2023\/11\/rsz_logo_radan_no_bg-2.webp\",\"width\":877,\"height\":1240,\"caption\":\"Radan\"},\"image\":{\"@id\":\"https:\/\/radan.ro\/#\/schema\/logo\/image\/\"},\"sameAs\":[\"https:\/\/www.linkedin.com\/company\/radan-ro\/\"]},{\"@type\":\"Person\",\"@id\":\"https:\/\/radan.ro\/#\/schema\/person\/35a8ffcb0421589073943b1459ceedf4\",\"name\":\"admin\",\"image\":{\"@type\":\"ImageObject\",\"inLanguage\":\"en-GB\",\"@id\":\"https:\/\/radan.ro\/#\/schema\/person\/image\/\",\"url\":\"https:\/\/secure.gravatar.com\/avatar\/fe1dd550bf51c68fa9118efa08b9edcc3dfb14ee7580e3d5d6ab0a8413cd9525?s=96&d=mm&r=g\",\"contentUrl\":\"https:\/\/secure.gravatar.com\/avatar\/fe1dd550bf51c68fa9118efa08b9edcc3dfb14ee7580e3d5d6ab0a8413cd9525?s=96&d=mm&r=g\",\"caption\":\"admin\"},\"sameAs\":[\"https:\/\/radan.ro\"],\"url\":\"https:\/\/radan.ro\/en\/author\/admin\/\"}]}<\/script>\n<!-- \/ Yoast SEO plugin. -->","yoast_head_json":{"title":"Extrudare Profile Tehnice - Radan","robots":{"index":"index","follow":"follow","max-snippet":"max-snippet:-1","max-image-preview":"max-image-preview:large","max-video-preview":"max-video-preview:-1"},"canonical":"https:\/\/radan.ro\/en\/hans-weber\/extrudare-profile-tehnice\/","og_locale":"en_GB","og_type":"article","og_title":"Extrudare Profile Tehnice - Radan","og_description":"Explora\u021bi seria PX de la WEBER, extrudere cu un singur melc special concepute pentru produc\u021bia de profile tehnice. Aceste ma\u0219ini sunt optimizate pentru a atinge performan\u021be de top \u0219i eficien\u021b\u0103 maxim\u0103, datorit\u0103 unui design inovator al bu\u0219ei canelate \u0219i al melcului. Fie c\u0103 este vorba de solu\u021bii standard sau de op\u021biuni de co-extrudare, seria PX [&hellip;]","og_url":"https:\/\/radan.ro\/en\/hans-weber\/extrudare-profile-tehnice\/","og_site_name":"Radan","article_published_time":"2023-12-05T12:40:26+00:00","article_modified_time":"2023-12-19T16:58:35+00:00","og_image":[{"width":452,"height":255,"url":"https:\/\/radan.ro\/wp-content\/uploads\/2023\/12\/unnamed__3_-removebg-preview.png","type":"image\/png"}],"author":"admin","twitter_card":"summary_large_image","twitter_misc":{"Written by":"admin","Estimated reading time":"1 minute"},"schema":{"@context":"https:\/\/schema.org","@graph":[{"@type":"Article","@id":"https:\/\/radan.ro\/hans-weber\/extrudare-profile-tehnice\/#article","isPartOf":{"@id":"https:\/\/radan.ro\/hans-weber\/extrudare-profile-tehnice\/"},"author":{"name":"admin","@id":"https:\/\/radan.ro\/#\/schema\/person\/35a8ffcb0421589073943b1459ceedf4"},"headline":"Extrudare Profile Tehnice","datePublished":"2023-12-05T12:40:26+00:00","dateModified":"2023-12-19T16:58:35+00:00","mainEntityOfPage":{"@id":"https:\/\/radan.ro\/hans-weber\/extrudare-profile-tehnice\/"},"wordCount":182,"commentCount":0,"publisher":{"@id":"https:\/\/radan.ro\/#organization"},"articleSection":["Hans WEBER"],"inLanguage":"en-GB","potentialAction":[{"@type":"CommentAction","name":"Comment","target":["https:\/\/radan.ro\/hans-weber\/extrudare-profile-tehnice\/#respond"]}]},{"@type":"WebPage","@id":"https:\/\/radan.ro\/hans-weber\/extrudare-profile-tehnice\/","url":"https:\/\/radan.ro\/hans-weber\/extrudare-profile-tehnice\/","name":"Extrudare Profile Tehnice - Radan","isPartOf":{"@id":"https:\/\/radan.ro\/#website"},"datePublished":"2023-12-05T12:40:26+00:00","dateModified":"2023-12-19T16:58:35+00:00","breadcrumb":{"@id":"https:\/\/radan.ro\/hans-weber\/extrudare-profile-tehnice\/#breadcrumb"},"inLanguage":"en-GB","potentialAction":[{"@type":"ReadAction","target":["https:\/\/radan.ro\/hans-weber\/extrudare-profile-tehnice\/"]}]},{"@type":"BreadcrumbList","@id":"https:\/\/radan.ro\/hans-weber\/extrudare-profile-tehnice\/#breadcrumb","itemListElement":[{"@type":"ListItem","position":1,"name":"Home","item":"https:\/\/radan.ro\/"},{"@type":"ListItem","position":2,"name":"Extrudare Profile Tehnice"}]},{"@type":"WebSite","@id":"https:\/\/radan.ro\/#website","url":"https:\/\/radan.ro\/","name":"Radan","description":"Construim \u00eempreun\u0103 un viitor sustenabil \u00een prelucrarea maselor plastice.","publisher":{"@id":"https:\/\/radan.ro\/#organization"},"potentialAction":[{"@type":"SearchAction","target":{"@type":"EntryPoint","urlTemplate":"https:\/\/radan.ro\/?s={search_term_string}"},"query-input":"required name=search_term_string"}],"inLanguage":"en-GB"},{"@type":"Organization","@id":"https:\/\/radan.ro\/#organization","name":"Radan","url":"https:\/\/radan.ro\/","logo":{"@type":"ImageObject","inLanguage":"en-GB","@id":"https:\/\/radan.ro\/#\/schema\/logo\/image\/","url":"https:\/\/radan.ro\/wp-content\/uploads\/2023\/11\/rsz_logo_radan_no_bg-2.webp","contentUrl":"https:\/\/radan.ro\/wp-content\/uploads\/2023\/11\/rsz_logo_radan_no_bg-2.webp","width":877,"height":1240,"caption":"Radan"},"image":{"@id":"https:\/\/radan.ro\/#\/schema\/logo\/image\/"},"sameAs":["https:\/\/www.linkedin.com\/company\/radan-ro\/"]},{"@type":"Person","@id":"https:\/\/radan.ro\/#\/schema\/person\/35a8ffcb0421589073943b1459ceedf4","name":"admin","image":{"@type":"ImageObject","inLanguage":"en-GB","@id":"https:\/\/radan.ro\/#\/schema\/person\/image\/","url":"https:\/\/secure.gravatar.com\/avatar\/fe1dd550bf51c68fa9118efa08b9edcc3dfb14ee7580e3d5d6ab0a8413cd9525?s=96&d=mm&r=g","contentUrl":"https:\/\/secure.gravatar.com\/avatar\/fe1dd550bf51c68fa9118efa08b9edcc3dfb14ee7580e3d5d6ab0a8413cd9525?s=96&d=mm&r=g","caption":"admin"},"sameAs":["https:\/\/radan.ro"],"url":"https:\/\/radan.ro\/en\/author\/admin\/"}]}},"_links":{"self":[{"href":"https:\/\/radan.ro\/en\/wp-json\/wp\/v2\/posts\/249","targetHints":{"allow":["GET"]}}],"collection":[{"href":"https:\/\/radan.ro\/en\/wp-json\/wp\/v2\/posts"}],"about":[{"href":"https:\/\/radan.ro\/en\/wp-json\/wp\/v2\/types\/post"}],"author":[{"embeddable":true,"href":"https:\/\/radan.ro\/en\/wp-json\/wp\/v2\/users\/1"}],"replies":[{"embeddable":true,"href":"https:\/\/radan.ro\/en\/wp-json\/wp\/v2\/comments?post=249"}],"version-history":[{"count":25,"href":"https:\/\/radan.ro\/en\/wp-json\/wp\/v2\/posts\/249\/revisions"}],"predecessor-version":[{"id":1209,"href":"https:\/\/radan.ro\/en\/wp-json\/wp\/v2\/posts\/249\/revisions\/1209"}],"wp:featuredmedia":[{"embeddable":true,"href":"https:\/\/radan.ro\/en\/wp-json\/wp\/v2\/media\/253"}],"wp:attachment":[{"href":"https:\/\/radan.ro\/en\/wp-json\/wp\/v2\/media?parent=249"}],"wp:term":[{"taxonomy":"category","embeddable":true,"href":"https:\/\/radan.ro\/en\/wp-json\/wp\/v2\/categories?post=249"},{"taxonomy":"post_tag","embeddable":true,"href":"https:\/\/radan.ro\/en\/wp-json\/wp\/v2\/tags?post=249"}],"curies":[{"name":"wp","href":"https:\/\/api.w.org\/{rel}","templated":true}]}}