{"id":263,"date":"2023-12-05T12:32:32","date_gmt":"2023-12-05T12:32:32","guid":{"rendered":"https:\/\/radan.ro\/?p=263"},"modified":"2023-12-19T17:06:05","modified_gmt":"2023-12-19T17:06:05","slug":"extrudare-tevi-poliolefine-cu-miez-de-spuma","status":"publish","type":"post","link":"https:\/\/radan.ro\/en\/hans-weber\/extrudare-tevi-poliolefine-cu-miez-de-spuma\/","title":{"rendered":"Foam Core Polyolefin Pipe Extrusion"},"content":{"rendered":"<div data-elementor-type=\"wp-post\" data-elementor-id=\"263\" class=\"elementor elementor-263\" data-elementor-post-type=\"post\">\n\t\t\t\t\t\t\t<div class=\"elementor-element elementor-element-7688d791 e-flex e-con-boxed e-con e-parent\" data-id=\"7688d791\" data-element_type=\"container\" data-settings=\"{&quot;container_type&quot;:&quot;flex&quot;,&quot;content_width&quot;:&quot;boxed&quot;}\" data-core-v316-plus=\"true\">\n\t\t\t\t\t<div class=\"e-con-inner\">\n\t\t\t\t<div class=\"elementor-element elementor-element-50a68d32 elementor-widget elementor-widget-text-editor\" data-id=\"50a68d32\" data-element_type=\"widget\" data-widget_type=\"text-editor.default\">\n\t\t\t\t<div class=\"elementor-widget-container\">\n\t\t\t<style>\/*! elementor - v3.17.0 - 08-11-2023 *\/\n.elementor-widget-text-editor.elementor-drop-cap-view-stacked .elementor-drop-cap{background-color:#69727d;color:#fff}.elementor-widget-text-editor.elementor-drop-cap-view-framed .elementor-drop-cap{color:#69727d;border:3px solid;background-color:transparent}.elementor-widget-text-editor:not(.elementor-drop-cap-view-default) .elementor-drop-cap{margin-top:8px}.elementor-widget-text-editor:not(.elementor-drop-cap-view-default) .elementor-drop-cap-letter{width:1em;height:1em}.elementor-widget-text-editor .elementor-drop-cap{float:left;text-align:center;line-height:1;font-size:50px}.elementor-widget-text-editor .elementor-drop-cap-letter{display:inline-block}<\/style>\t\t\t\t<p><!-- wp:paragraph --><\/p>\n<p>Explore the range of NE 40D extruders from WEBER, equipped with an innovative grooved screw, engineered to increase production capacity. These extruders stand out for their efficient energy management and operation at reduced melting temperatures, ensuring optimal output. With screw diameters ranging from 50 to 90 mm and utilizing L:D-40 technology, the NE 40D extruders from WEBER are designed to maximize performance, durability, and energy efficiency.<\/p><p><span style=\"color: rgb(0, 35, 149); font-size: 18px; font-weight: 700; background-color: transparent; font-family: var( --e-global-typography-text-font-family ), Sans-serif;\">Advantages<\/span><\/p><ul><li style=\"list-style-type: none;\"><ul><li>A Wide Spectrum of Production Capacities: Adaptable for various applications, these extruders can handle a range of production volumes<\/li>\n<\/ul>\n<\/li>\n<\/ul>\n<p><!-- \/wp:list-item --><\/p>\n<p><!-- wp:list-item --><\/p>\n<ul>\n<li style=\"list-style-type: none;\">\n<ul>\n<li>Efficient Processing of Recycled Materials: Supporting sustainable production practices, the NE 40D series contributes to eco-friendly manufacturing.<\/li>\n<\/ul>\n<\/li>\n<\/ul>\n<p><!-- \/wp:list-item --><\/p>\n<p><!-- wp:list-item --><\/p>\n<ul>\n<li style=\"list-style-type: none;\">\n<ul>\n<li>Customizable Screw Geometry: Tailored to meet the specific requirements of each client, ensuring a perfect fit for various production needs.<\/li>\n<\/ul>\n<\/li>\n<\/ul>\n<p><!-- \/wp:list-item --><\/p>\n<p><!-- wp:list-item --><\/p>\n<ul>\n<li style=\"list-style-type: none;\">\n<ul>\n<li>Long-lasting Durability and High-Quality Performance: Hallmarks of WEBER's manufacturing excellence.<\/li>\n<\/ul>\n<\/li>\n<\/ul>\n<p><!-- \/wp:list-item --><\/p>\n<p><!-- wp:list-item --><\/p>\n<ul>\n<li style=\"list-style-type: none;\">\n<ul>\n<li>Modular Design for Easy Access to Spare Parts and Maintenance: Simplifying the upkeep and prolonging the machine's lifespan.<\/li>\n<\/ul>\n<\/li>\n<\/ul>\n<p><!-- \/wp:list-item --><\/p>\n<p><!-- wp:list-item --><\/p>\n<ul>\n<li style=\"list-style-type: none;\">\n<ul>\n<li>Interchangeable Components for Enhanced Versatility and Adaptability: Facilitating updates or modifications to the equipment as needed.<\/li>\n<\/ul>\n<\/li>\n<\/ul>\n<p><!-- \/wp:list-item --><\/p>\n<p><!-- wp:list-item --><\/p>\n<ul>\n<li style=\"list-style-type: none;\">\n<ul>\n<li>Guaranteed Quality from WEBER, Made in Germany: A testament to the reliability and durability of these machines.<\/li>\n<\/ul>\n<\/li>\n<\/ul>\n<p><!-- \/wp:list-item --><\/p>\n<p><!-- wp:list-item --><\/p>\n<ul>\n<li style=\"list-style-type: none;\">\n<ul>\n<li>Attractive Price-Quality Ratio: Adding significant value to your investment.<\/li>\n<\/ul>\n<\/li>\n<\/ul>\n<p><!-- \/wp:list-item --><\/p>\n<p><!-- wp:list-item --><\/p>\n<ul>\n<li style=\"list-style-type: none;\">\n<ul>\n<li>Continuous and Reliable Operation: Ensuring efficient and uninterrupted production.<\/li>\n<\/ul>\n<\/li>\n<\/ul>\n<p><!-- \/wp:list-item --><\/p>\n<p><!-- \/wp:list --><\/p>\n<p><!-- wp:paragraph --><\/p>\n<p><!-- \/wp:paragraph --><\/p>\n<p><!-- wp:paragraph --><\/p>\n<p>Discover how the NE 40D extruders from WEBER can revolutionize your plastic material production, offering advanced technology and energy efficiency for superior performance.<\/p>\n<p><!-- \/wp:paragraph --><\/p>\n<p><!-- wp:paragraph --><\/p>\n<p><img decoding=\"async\" style=\"width: 290px;\" src=\"https:\/\/lh7-us.googleusercontent.com\/0RNxjRIVqvofhVqjhKMLyddJdR1UUHibdGI1FJle09cK_wxyD16mh9TvS3m5TUzFGnUrDZktDpKS96JQ63s8_HokEoPySQWzYDh3dENtJO7E9Ms6bsjXnBxFoVsxsQRYfzlWB7E5JF9TqdiUyIflx3yi-ItGzJlPFPv9VEes1MINOPik0-PhwMkbLsjxQg\"><\/p>\n<p><!-- \/wp:paragraph --><\/p>\n<p><!-- wp:paragraph {\"style\":{\"typography\":{\"fontSize\":\"0px\"}}} --><\/p>\n<p style=\"font-size: 0px;\"><img decoding=\"async\" src=\"https:\/\/lh7-us.googleusercontent.com\/LFWy2mHWyGpWykeSNbP4z4SKg4SSWWDGignkfS92ciq7Z5APHR-NfqWx6jy-s8Yd0CMjYuYJ3ZSAUkIcC1oEw2seYfgJly2Hv7iEOFnVtO_wu87XPOkUxtRoD-YdxKLMYqK8bbGBFOzGrQ0xoB_4q-JVVbwNarthdtqwFk0ufkD0kYVTARDu2TVw3JheNA\" width=\"297\" height=\"56\"><\/p>\n<p><!-- \/wp:paragraph --><\/p>\t\t\t\t\t\t<\/div>\n\t\t\t\t<\/div>\n\t\t\t\t\t<\/div>\n\t\t\t\t<\/div>\n\t\t\t\t\t\t\t<\/div>","protected":false},"excerpt":{"rendered":"<p>Explora\u021bi gama de extrudere NE 40D de la WEBER, echipate cu un melc canelat inovator, concepute pentru a oferi o capacitate de produc\u021bie crescut\u0103. Aceste extrudere se remarc\u0103 printr-o gestionare eficient\u0103 a energiei \u0219i func\u021bionare la temperaturi reduse de topire, asigur\u00e2nd un randament optim. Cu diametrele melcului variind de la 50 la 90 mm \u0219i [&hellip;]<\/p>","protected":false},"author":1,"featured_media":264,"comment_status":"open","ping_status":"open","sticky":false,"template":"","format":"standard","meta":{"footnotes":""},"categories":[6],"tags":[],"class_list":["post-263","post","type-post","status-publish","format-standard","has-post-thumbnail","hentry","category-hans-weber"],"yoast_head":"<!-- This site is optimized with the Yoast SEO plugin v21.8 - https:\/\/yoast.com\/wordpress\/plugins\/seo\/ -->\n<title>Extrudare \u021aevi Poliolefine cu Miez de Spum\u0103 - Radan<\/title>\n<meta name=\"robots\" content=\"index, follow, max-snippet:-1, max-image-preview:large, max-video-preview:-1\" \/>\n<link rel=\"canonical\" href=\"https:\/\/radan.ro\/en\/hans-weber\/extrudare-tevi-poliolefine-cu-miez-de-spuma\/\" \/>\n<meta property=\"og:locale\" content=\"en_GB\" \/>\n<meta property=\"og:type\" content=\"article\" \/>\n<meta property=\"og:title\" content=\"Extrudare \u021aevi Poliolefine cu Miez de Spum\u0103 - Radan\" \/>\n<meta property=\"og:description\" content=\"Explora\u021bi gama de extrudere NE 40D de la WEBER, echipate cu un melc canelat inovator, concepute pentru a oferi o capacitate de produc\u021bie crescut\u0103. Aceste extrudere se remarc\u0103 printr-o gestionare eficient\u0103 a energiei \u0219i func\u021bionare la temperaturi reduse de topire, asigur\u00e2nd un randament optim. Cu diametrele melcului variind de la 50 la 90 mm \u0219i [&hellip;]\" \/>\n<meta property=\"og:url\" content=\"https:\/\/radan.ro\/en\/hans-weber\/extrudare-tevi-poliolefine-cu-miez-de-spuma\/\" \/>\n<meta property=\"og:site_name\" content=\"Radan\" \/>\n<meta property=\"article:published_time\" content=\"2023-12-05T12:32:32+00:00\" \/>\n<meta property=\"article:modified_time\" content=\"2023-12-19T17:06:05+00:00\" \/>\n<meta property=\"og:image\" content=\"https:\/\/radan.ro\/wp-content\/uploads\/2023\/12\/unnamed-7.png\" \/>\n\t<meta property=\"og:image:width\" content=\"512\" \/>\n\t<meta property=\"og:image:height\" content=\"253\" \/>\n\t<meta property=\"og:image:type\" content=\"image\/png\" \/>\n<meta name=\"author\" content=\"admin\" \/>\n<meta name=\"twitter:card\" content=\"summary_large_image\" \/>\n<meta name=\"twitter:label1\" content=\"Written by\" \/>\n\t<meta name=\"twitter:data1\" content=\"admin\" \/>\n\t<meta name=\"twitter:label2\" content=\"Estimated reading time\" \/>\n\t<meta name=\"twitter:data2\" content=\"1 minute\" \/>\n<script type=\"application\/ld+json\" class=\"yoast-schema-graph\">{\"@context\":\"https:\/\/schema.org\",\"@graph\":[{\"@type\":\"Article\",\"@id\":\"https:\/\/radan.ro\/hans-weber\/extrudare-tevi-poliolefine-cu-miez-de-spuma\/#article\",\"isPartOf\":{\"@id\":\"https:\/\/radan.ro\/hans-weber\/extrudare-tevi-poliolefine-cu-miez-de-spuma\/\"},\"author\":{\"name\":\"admin\",\"@id\":\"https:\/\/radan.ro\/#\/schema\/person\/35a8ffcb0421589073943b1459ceedf4\"},\"headline\":\"Extrudare \u021aevi Poliolefine cu Miez de Spum\u0103\",\"datePublished\":\"2023-12-05T12:32:32+00:00\",\"dateModified\":\"2023-12-19T17:06:05+00:00\",\"mainEntityOfPage\":{\"@id\":\"https:\/\/radan.ro\/hans-weber\/extrudare-tevi-poliolefine-cu-miez-de-spuma\/\"},\"wordCount\":219,\"commentCount\":0,\"publisher\":{\"@id\":\"https:\/\/radan.ro\/#organization\"},\"articleSection\":[\"Hans WEBER\"],\"inLanguage\":\"en-GB\",\"potentialAction\":[{\"@type\":\"CommentAction\",\"name\":\"Comment\",\"target\":[\"https:\/\/radan.ro\/hans-weber\/extrudare-tevi-poliolefine-cu-miez-de-spuma\/#respond\"]}]},{\"@type\":\"WebPage\",\"@id\":\"https:\/\/radan.ro\/hans-weber\/extrudare-tevi-poliolefine-cu-miez-de-spuma\/\",\"url\":\"https:\/\/radan.ro\/hans-weber\/extrudare-tevi-poliolefine-cu-miez-de-spuma\/\",\"name\":\"Extrudare \u021aevi Poliolefine cu Miez de Spum\u0103 - Radan\",\"isPartOf\":{\"@id\":\"https:\/\/radan.ro\/#website\"},\"datePublished\":\"2023-12-05T12:32:32+00:00\",\"dateModified\":\"2023-12-19T17:06:05+00:00\",\"breadcrumb\":{\"@id\":\"https:\/\/radan.ro\/hans-weber\/extrudare-tevi-poliolefine-cu-miez-de-spuma\/#breadcrumb\"},\"inLanguage\":\"en-GB\",\"potentialAction\":[{\"@type\":\"ReadAction\",\"target\":[\"https:\/\/radan.ro\/hans-weber\/extrudare-tevi-poliolefine-cu-miez-de-spuma\/\"]}]},{\"@type\":\"BreadcrumbList\",\"@id\":\"https:\/\/radan.ro\/hans-weber\/extrudare-tevi-poliolefine-cu-miez-de-spuma\/#breadcrumb\",\"itemListElement\":[{\"@type\":\"ListItem\",\"position\":1,\"name\":\"Home\",\"item\":\"https:\/\/radan.ro\/\"},{\"@type\":\"ListItem\",\"position\":2,\"name\":\"Extrudare \u021aevi Poliolefine cu Miez de Spum\u0103\"}]},{\"@type\":\"WebSite\",\"@id\":\"https:\/\/radan.ro\/#website\",\"url\":\"https:\/\/radan.ro\/\",\"name\":\"Radan\",\"description\":\"Construim \u00eempreun\u0103 un viitor sustenabil \u00een prelucrarea maselor plastice.\",\"publisher\":{\"@id\":\"https:\/\/radan.ro\/#organization\"},\"potentialAction\":[{\"@type\":\"SearchAction\",\"target\":{\"@type\":\"EntryPoint\",\"urlTemplate\":\"https:\/\/radan.ro\/?s={search_term_string}\"},\"query-input\":\"required name=search_term_string\"}],\"inLanguage\":\"en-GB\"},{\"@type\":\"Organization\",\"@id\":\"https:\/\/radan.ro\/#organization\",\"name\":\"Radan\",\"url\":\"https:\/\/radan.ro\/\",\"logo\":{\"@type\":\"ImageObject\",\"inLanguage\":\"en-GB\",\"@id\":\"https:\/\/radan.ro\/#\/schema\/logo\/image\/\",\"url\":\"https:\/\/radan.ro\/wp-content\/uploads\/2023\/11\/rsz_logo_radan_no_bg-2.webp\",\"contentUrl\":\"https:\/\/radan.ro\/wp-content\/uploads\/2023\/11\/rsz_logo_radan_no_bg-2.webp\",\"width\":877,\"height\":1240,\"caption\":\"Radan\"},\"image\":{\"@id\":\"https:\/\/radan.ro\/#\/schema\/logo\/image\/\"},\"sameAs\":[\"https:\/\/www.linkedin.com\/company\/radan-ro\/\"]},{\"@type\":\"Person\",\"@id\":\"https:\/\/radan.ro\/#\/schema\/person\/35a8ffcb0421589073943b1459ceedf4\",\"name\":\"admin\",\"image\":{\"@type\":\"ImageObject\",\"inLanguage\":\"en-GB\",\"@id\":\"https:\/\/radan.ro\/#\/schema\/person\/image\/\",\"url\":\"https:\/\/secure.gravatar.com\/avatar\/fe1dd550bf51c68fa9118efa08b9edcc3dfb14ee7580e3d5d6ab0a8413cd9525?s=96&d=mm&r=g\",\"contentUrl\":\"https:\/\/secure.gravatar.com\/avatar\/fe1dd550bf51c68fa9118efa08b9edcc3dfb14ee7580e3d5d6ab0a8413cd9525?s=96&d=mm&r=g\",\"caption\":\"admin\"},\"sameAs\":[\"https:\/\/radan.ro\"],\"url\":\"https:\/\/radan.ro\/en\/author\/admin\/\"}]}<\/script>\n<!-- \/ Yoast SEO plugin. -->","yoast_head_json":{"title":"Extrudare \u021aevi Poliolefine cu Miez de Spum\u0103 - Radan","robots":{"index":"index","follow":"follow","max-snippet":"max-snippet:-1","max-image-preview":"max-image-preview:large","max-video-preview":"max-video-preview:-1"},"canonical":"https:\/\/radan.ro\/en\/hans-weber\/extrudare-tevi-poliolefine-cu-miez-de-spuma\/","og_locale":"en_GB","og_type":"article","og_title":"Extrudare \u021aevi Poliolefine cu Miez de Spum\u0103 - Radan","og_description":"Explora\u021bi gama de extrudere NE 40D de la WEBER, echipate cu un melc canelat inovator, concepute pentru a oferi o capacitate de produc\u021bie crescut\u0103. Aceste extrudere se remarc\u0103 printr-o gestionare eficient\u0103 a energiei \u0219i func\u021bionare la temperaturi reduse de topire, asigur\u00e2nd un randament optim. Cu diametrele melcului variind de la 50 la 90 mm \u0219i [&hellip;]","og_url":"https:\/\/radan.ro\/en\/hans-weber\/extrudare-tevi-poliolefine-cu-miez-de-spuma\/","og_site_name":"Radan","article_published_time":"2023-12-05T12:32:32+00:00","article_modified_time":"2023-12-19T17:06:05+00:00","og_image":[{"width":512,"height":253,"url":"https:\/\/radan.ro\/wp-content\/uploads\/2023\/12\/unnamed-7.png","type":"image\/png"}],"author":"admin","twitter_card":"summary_large_image","twitter_misc":{"Written by":"admin","Estimated reading time":"1 minute"},"schema":{"@context":"https:\/\/schema.org","@graph":[{"@type":"Article","@id":"https:\/\/radan.ro\/hans-weber\/extrudare-tevi-poliolefine-cu-miez-de-spuma\/#article","isPartOf":{"@id":"https:\/\/radan.ro\/hans-weber\/extrudare-tevi-poliolefine-cu-miez-de-spuma\/"},"author":{"name":"admin","@id":"https:\/\/radan.ro\/#\/schema\/person\/35a8ffcb0421589073943b1459ceedf4"},"headline":"Extrudare \u021aevi Poliolefine cu Miez de Spum\u0103","datePublished":"2023-12-05T12:32:32+00:00","dateModified":"2023-12-19T17:06:05+00:00","mainEntityOfPage":{"@id":"https:\/\/radan.ro\/hans-weber\/extrudare-tevi-poliolefine-cu-miez-de-spuma\/"},"wordCount":219,"commentCount":0,"publisher":{"@id":"https:\/\/radan.ro\/#organization"},"articleSection":["Hans WEBER"],"inLanguage":"en-GB","potentialAction":[{"@type":"CommentAction","name":"Comment","target":["https:\/\/radan.ro\/hans-weber\/extrudare-tevi-poliolefine-cu-miez-de-spuma\/#respond"]}]},{"@type":"WebPage","@id":"https:\/\/radan.ro\/hans-weber\/extrudare-tevi-poliolefine-cu-miez-de-spuma\/","url":"https:\/\/radan.ro\/hans-weber\/extrudare-tevi-poliolefine-cu-miez-de-spuma\/","name":"Extrudare \u021aevi Poliolefine cu Miez de Spum\u0103 - Radan","isPartOf":{"@id":"https:\/\/radan.ro\/#website"},"datePublished":"2023-12-05T12:32:32+00:00","dateModified":"2023-12-19T17:06:05+00:00","breadcrumb":{"@id":"https:\/\/radan.ro\/hans-weber\/extrudare-tevi-poliolefine-cu-miez-de-spuma\/#breadcrumb"},"inLanguage":"en-GB","potentialAction":[{"@type":"ReadAction","target":["https:\/\/radan.ro\/hans-weber\/extrudare-tevi-poliolefine-cu-miez-de-spuma\/"]}]},{"@type":"BreadcrumbList","@id":"https:\/\/radan.ro\/hans-weber\/extrudare-tevi-poliolefine-cu-miez-de-spuma\/#breadcrumb","itemListElement":[{"@type":"ListItem","position":1,"name":"Home","item":"https:\/\/radan.ro\/"},{"@type":"ListItem","position":2,"name":"Extrudare \u021aevi Poliolefine cu Miez de Spum\u0103"}]},{"@type":"WebSite","@id":"https:\/\/radan.ro\/#website","url":"https:\/\/radan.ro\/","name":"Radan","description":"Construim \u00eempreun\u0103 un viitor sustenabil \u00een prelucrarea maselor plastice.","publisher":{"@id":"https:\/\/radan.ro\/#organization"},"potentialAction":[{"@type":"SearchAction","target":{"@type":"EntryPoint","urlTemplate":"https:\/\/radan.ro\/?s={search_term_string}"},"query-input":"required name=search_term_string"}],"inLanguage":"en-GB"},{"@type":"Organization","@id":"https:\/\/radan.ro\/#organization","name":"Radan","url":"https:\/\/radan.ro\/","logo":{"@type":"ImageObject","inLanguage":"en-GB","@id":"https:\/\/radan.ro\/#\/schema\/logo\/image\/","url":"https:\/\/radan.ro\/wp-content\/uploads\/2023\/11\/rsz_logo_radan_no_bg-2.webp","contentUrl":"https:\/\/radan.ro\/wp-content\/uploads\/2023\/11\/rsz_logo_radan_no_bg-2.webp","width":877,"height":1240,"caption":"Radan"},"image":{"@id":"https:\/\/radan.ro\/#\/schema\/logo\/image\/"},"sameAs":["https:\/\/www.linkedin.com\/company\/radan-ro\/"]},{"@type":"Person","@id":"https:\/\/radan.ro\/#\/schema\/person\/35a8ffcb0421589073943b1459ceedf4","name":"admin","image":{"@type":"ImageObject","inLanguage":"en-GB","@id":"https:\/\/radan.ro\/#\/schema\/person\/image\/","url":"https:\/\/secure.gravatar.com\/avatar\/fe1dd550bf51c68fa9118efa08b9edcc3dfb14ee7580e3d5d6ab0a8413cd9525?s=96&d=mm&r=g","contentUrl":"https:\/\/secure.gravatar.com\/avatar\/fe1dd550bf51c68fa9118efa08b9edcc3dfb14ee7580e3d5d6ab0a8413cd9525?s=96&d=mm&r=g","caption":"admin"},"sameAs":["https:\/\/radan.ro"],"url":"https:\/\/radan.ro\/en\/author\/admin\/"}]}},"_links":{"self":[{"href":"https:\/\/radan.ro\/en\/wp-json\/wp\/v2\/posts\/263","targetHints":{"allow":["GET"]}}],"collection":[{"href":"https:\/\/radan.ro\/en\/wp-json\/wp\/v2\/posts"}],"about":[{"href":"https:\/\/radan.ro\/en\/wp-json\/wp\/v2\/types\/post"}],"author":[{"embeddable":true,"href":"https:\/\/radan.ro\/en\/wp-json\/wp\/v2\/users\/1"}],"replies":[{"embeddable":true,"href":"https:\/\/radan.ro\/en\/wp-json\/wp\/v2\/comments?post=263"}],"version-history":[{"count":16,"href":"https:\/\/radan.ro\/en\/wp-json\/wp\/v2\/posts\/263\/revisions"}],"predecessor-version":[{"id":1221,"href":"https:\/\/radan.ro\/en\/wp-json\/wp\/v2\/posts\/263\/revisions\/1221"}],"wp:featuredmedia":[{"embeddable":true,"href":"https:\/\/radan.ro\/en\/wp-json\/wp\/v2\/media\/264"}],"wp:attachment":[{"href":"https:\/\/radan.ro\/en\/wp-json\/wp\/v2\/media?parent=263"}],"wp:term":[{"taxonomy":"category","embeddable":true,"href":"https:\/\/radan.ro\/en\/wp-json\/wp\/v2\/categories?post=263"},{"taxonomy":"post_tag","embeddable":true,"href":"https:\/\/radan.ro\/en\/wp-json\/wp\/v2\/tags?post=263"}],"curies":[{"name":"wp","href":"https:\/\/api.w.org\/{rel}","templated":true}]}}