{"id":282,"date":"2023-12-05T12:42:43","date_gmt":"2023-12-05T12:42:43","guid":{"rendered":"https:\/\/radan.ro\/?p=282"},"modified":"2023-12-19T08:23:09","modified_gmt":"2023-12-19T08:23:09","slug":"weber-hybridx-lt","status":"publish","type":"post","link":"https:\/\/radan.ro\/en\/hans-weber\/weber-hybridx-lt\/","title":{"rendered":"WEBER HybriDX-LT"},"content":{"rendered":"<div data-elementor-type=\"wp-post\" data-elementor-id=\"282\" class=\"elementor elementor-282\" data-elementor-post-type=\"post\">\n\t\t\t\t\t\t\t<div class=\"elementor-element elementor-element-4d8b8e61 e-flex e-con-boxed e-con e-parent\" data-id=\"4d8b8e61\" data-element_type=\"container\" data-settings=\"{&quot;container_type&quot;:&quot;flex&quot;,&quot;content_width&quot;:&quot;boxed&quot;}\" data-core-v316-plus=\"true\">\n\t\t\t\t\t<div class=\"e-con-inner\">\n\t\t\t\t<div class=\"elementor-element elementor-element-3b1a5e9d elementor-widget elementor-widget-text-editor\" data-id=\"3b1a5e9d\" data-element_type=\"widget\" data-widget_type=\"text-editor.default\">\n\t\t\t\t<div class=\"elementor-widget-container\">\n\t\t\t<style>\/*! elementor - v3.17.0 - 08-11-2023 *\/\n.elementor-widget-text-editor.elementor-drop-cap-view-stacked .elementor-drop-cap{background-color:#69727d;color:#fff}.elementor-widget-text-editor.elementor-drop-cap-view-framed .elementor-drop-cap{color:#69727d;border:3px solid;background-color:transparent}.elementor-widget-text-editor:not(.elementor-drop-cap-view-default) .elementor-drop-cap{margin-top:8px}.elementor-widget-text-editor:not(.elementor-drop-cap-view-default) .elementor-drop-cap-letter{width:1em;height:1em}.elementor-widget-text-editor .elementor-drop-cap{float:left;text-align:center;line-height:1;font-size:50px}.elementor-widget-text-editor .elementor-drop-cap-letter{display:inline-block}<\/style>\t\t\t\t<p><!-- wp:paragraph --><\/p>\n<p>WEBER, in collaboration with Reichenbacher Hamuel GmbH, has pioneered innovative machine solutions offering comprehensive additive and subtractive manufacturing capabilities. These hybrid machines employ a unique method where plastic granulate is directly melted and then layered to form components. The standout feature of WEBER\u2019s machines is their integrated milling unit, which allows for immediate machining of parts within the same setup.<\/p>\n<p><!-- \/wp:paragraph --><\/p>\n<p><!-- wp:paragraph --><\/p>\n<p>The machines are designed with a robust portal frame and a stationary machining table, combining 5-axis milling with a 3-axis extrusion head. This design not only enhances precision but also makes these machines an accessible entry point into high-precision hybrid fabrication, all while maintaining cost efficiency. Key specifications include a maximum build plate temperature of 120\u00b0C and a milling tool changer equipped with seven tools, ensuring versatility and efficiency in the manufacturing process.<\/p>\n<p><!-- \/wp:paragraph --><\/p>\n<p><!-- wp:spacer {\"height\":\"40px\"} --><\/p>\n<div style=\"height:40px\" aria-hidden=\"true\" class=\"wp-block-spacer\"><\/div>\n<p><!-- \/wp:spacer --><\/p>\n<p><!-- wp:heading {\"level\":3} --><\/p>\n<h3 class=\"wp-block-heading\">Technical data<\/h3>\n<p><!-- \/wp:heading --><\/p>\n<p><!-- wp:table --><\/p>\n<figure class=\"wp-block-table\">\n<table>\n<tbody>\n<tr>\n<td>Construction volume [L\u00d7W\u00d7H]<\/td>\n<td>1600 \u00d7 1000 \u00d7 650 mm\u00b3<\/td>\n<\/tr>\n<tr>\n<td>Cinematica imprim\u0103rii<\/td>\n<td>3 axles<\/td>\n<\/tr>\n<tr>\n<td>Milling kinematics<\/td>\n<td>5 axes<\/td>\n<\/tr>\n<tr>\n<td>Control system<\/td>\n<td>Siemens Sinumerik ONE CNC control<\/td>\n<\/tr>\n<tr>\n<td>Print head<\/td>\n<td>AE 20 15.5D (~4,5 kg\/h)<\/td>\n<\/tr>\n<tr>\n<td>Milling head<\/td>\n<td>4,6 kW<\/td>\n<\/tr>\n<tr>\n<td>Milling heads<\/td>\n<td>7<\/td>\n<\/tr>\n<tr>\n<td>Maximum build plate temperature<\/td>\n<td>120 \u00b0C<\/td>\n<\/tr>\n<tr>\n<td>Processing table<\/td>\n<td>Vacuum clamping system including vacuum pump and vacuum tank<\/td>\n<\/tr>\n<\/tbody>\n<\/table>\n<\/figure>\n<p><!-- \/wp:table --><\/p>\t\t\t\t\t\t<\/div>\n\t\t\t\t<\/div>\n\t\t\t\t\t<\/div>\n\t\t\t\t<\/div>\n\t\t\t\t\t\t\t<\/div>","protected":false},"excerpt":{"rendered":"<p>WEBER, \u00een colaborare cu Reichenbacher Hamuel GmbH, a dezvoltat solu\u021bii inovatoare de ma\u0219ini care ofer\u0103 capacit\u0103\u021bi complete de fabrica\u021bie aditiv\u0103. Aceste ma\u0219ini hibride utilizeaz\u0103 o metod\u0103 unic\u0103 \u00een care granulele de plastic sunt topite direct, apoi stratificate pentru a forma componente. Caracteristica remarcabil\u0103 a ma\u0219inilor WEBER este unitatea integrat\u0103 de frezare, care permite prelucrarea imediat\u0103 [&hellip;]<\/p>","protected":false},"author":1,"featured_media":284,"comment_status":"open","ping_status":"open","sticky":false,"template":"","format":"standard","meta":{"footnotes":""},"categories":[6,14],"tags":[],"class_list":["post-282","post","type-post","status-publish","format-standard","has-post-thumbnail","hentry","category-hans-weber","category-printere-3d"],"yoast_head":"<!-- This site is optimized with the Yoast SEO plugin v21.8 - https:\/\/yoast.com\/wordpress\/plugins\/seo\/ -->\n<title>WEBER HybriDX-LT - Radan<\/title>\n<meta name=\"robots\" content=\"index, follow, max-snippet:-1, max-image-preview:large, max-video-preview:-1\" \/>\n<link rel=\"canonical\" href=\"https:\/\/radan.ro\/en\/hans-weber\/weber-hybridx-lt\/\" \/>\n<meta property=\"og:locale\" content=\"en_GB\" \/>\n<meta property=\"og:type\" content=\"article\" \/>\n<meta property=\"og:title\" content=\"WEBER HybriDX-LT - Radan\" \/>\n<meta property=\"og:description\" content=\"WEBER, \u00een colaborare cu Reichenbacher Hamuel GmbH, a dezvoltat solu\u021bii inovatoare de ma\u0219ini care ofer\u0103 capacit\u0103\u021bi complete de fabrica\u021bie aditiv\u0103. Aceste ma\u0219ini hibride utilizeaz\u0103 o metod\u0103 unic\u0103 \u00een care granulele de plastic sunt topite direct, apoi stratificate pentru a forma componente. Caracteristica remarcabil\u0103 a ma\u0219inilor WEBER este unitatea integrat\u0103 de frezare, care permite prelucrarea imediat\u0103 [&hellip;]\" \/>\n<meta property=\"og:url\" content=\"https:\/\/radan.ro\/en\/hans-weber\/weber-hybridx-lt\/\" \/>\n<meta property=\"og:site_name\" content=\"Radan\" \/>\n<meta property=\"article:published_time\" content=\"2023-12-05T12:42:43+00:00\" \/>\n<meta property=\"article:modified_time\" content=\"2023-12-19T08:23:09+00:00\" \/>\n<meta property=\"og:image\" content=\"https:\/\/radan.ro\/wp-content\/uploads\/2023\/12\/unnamed__6_-removebg-preview-1.png\" \/>\n\t<meta property=\"og:image:width\" content=\"452\" \/>\n\t<meta property=\"og:image:height\" content=\"339\" \/>\n\t<meta property=\"og:image:type\" content=\"image\/png\" \/>\n<meta name=\"author\" content=\"admin\" \/>\n<meta name=\"twitter:card\" content=\"summary_large_image\" \/>\n<meta name=\"twitter:label1\" content=\"Written by\" \/>\n\t<meta name=\"twitter:data1\" content=\"admin\" \/>\n\t<meta name=\"twitter:label2\" content=\"Estimated reading time\" \/>\n\t<meta name=\"twitter:data2\" content=\"1 minute\" \/>\n<script type=\"application\/ld+json\" class=\"yoast-schema-graph\">{\"@context\":\"https:\/\/schema.org\",\"@graph\":[{\"@type\":\"Article\",\"@id\":\"https:\/\/radan.ro\/hans-weber\/weber-hybridx-lt\/#article\",\"isPartOf\":{\"@id\":\"https:\/\/radan.ro\/hans-weber\/weber-hybridx-lt\/\"},\"author\":{\"name\":\"admin\",\"@id\":\"https:\/\/radan.ro\/#\/schema\/person\/35a8ffcb0421589073943b1459ceedf4\"},\"headline\":\"WEBER HybriDX-LT\",\"datePublished\":\"2023-12-05T12:42:43+00:00\",\"dateModified\":\"2023-12-19T08:23:09+00:00\",\"mainEntityOfPage\":{\"@id\":\"https:\/\/radan.ro\/hans-weber\/weber-hybridx-lt\/\"},\"wordCount\":228,\"commentCount\":0,\"publisher\":{\"@id\":\"https:\/\/radan.ro\/#organization\"},\"articleSection\":[\"Hans WEBER\",\"Printere 3d\"],\"inLanguage\":\"en-GB\",\"potentialAction\":[{\"@type\":\"CommentAction\",\"name\":\"Comment\",\"target\":[\"https:\/\/radan.ro\/hans-weber\/weber-hybridx-lt\/#respond\"]}]},{\"@type\":\"WebPage\",\"@id\":\"https:\/\/radan.ro\/hans-weber\/weber-hybridx-lt\/\",\"url\":\"https:\/\/radan.ro\/hans-weber\/weber-hybridx-lt\/\",\"name\":\"WEBER HybriDX-LT - Radan\",\"isPartOf\":{\"@id\":\"https:\/\/radan.ro\/#website\"},\"datePublished\":\"2023-12-05T12:42:43+00:00\",\"dateModified\":\"2023-12-19T08:23:09+00:00\",\"breadcrumb\":{\"@id\":\"https:\/\/radan.ro\/hans-weber\/weber-hybridx-lt\/#breadcrumb\"},\"inLanguage\":\"en-GB\",\"potentialAction\":[{\"@type\":\"ReadAction\",\"target\":[\"https:\/\/radan.ro\/hans-weber\/weber-hybridx-lt\/\"]}]},{\"@type\":\"BreadcrumbList\",\"@id\":\"https:\/\/radan.ro\/hans-weber\/weber-hybridx-lt\/#breadcrumb\",\"itemListElement\":[{\"@type\":\"ListItem\",\"position\":1,\"name\":\"Home\",\"item\":\"https:\/\/radan.ro\/\"},{\"@type\":\"ListItem\",\"position\":2,\"name\":\"WEBER HybriDX-LT\"}]},{\"@type\":\"WebSite\",\"@id\":\"https:\/\/radan.ro\/#website\",\"url\":\"https:\/\/radan.ro\/\",\"name\":\"Radan\",\"description\":\"Construim \u00eempreun\u0103 un viitor sustenabil \u00een prelucrarea maselor plastice.\",\"publisher\":{\"@id\":\"https:\/\/radan.ro\/#organization\"},\"potentialAction\":[{\"@type\":\"SearchAction\",\"target\":{\"@type\":\"EntryPoint\",\"urlTemplate\":\"https:\/\/radan.ro\/?s={search_term_string}\"},\"query-input\":\"required name=search_term_string\"}],\"inLanguage\":\"en-GB\"},{\"@type\":\"Organization\",\"@id\":\"https:\/\/radan.ro\/#organization\",\"name\":\"Radan\",\"url\":\"https:\/\/radan.ro\/\",\"logo\":{\"@type\":\"ImageObject\",\"inLanguage\":\"en-GB\",\"@id\":\"https:\/\/radan.ro\/#\/schema\/logo\/image\/\",\"url\":\"https:\/\/radan.ro\/wp-content\/uploads\/2023\/11\/rsz_logo_radan_no_bg-2.webp\",\"contentUrl\":\"https:\/\/radan.ro\/wp-content\/uploads\/2023\/11\/rsz_logo_radan_no_bg-2.webp\",\"width\":877,\"height\":1240,\"caption\":\"Radan\"},\"image\":{\"@id\":\"https:\/\/radan.ro\/#\/schema\/logo\/image\/\"},\"sameAs\":[\"https:\/\/www.linkedin.com\/company\/radan-ro\/\"]},{\"@type\":\"Person\",\"@id\":\"https:\/\/radan.ro\/#\/schema\/person\/35a8ffcb0421589073943b1459ceedf4\",\"name\":\"admin\",\"image\":{\"@type\":\"ImageObject\",\"inLanguage\":\"en-GB\",\"@id\":\"https:\/\/radan.ro\/#\/schema\/person\/image\/\",\"url\":\"https:\/\/secure.gravatar.com\/avatar\/fe1dd550bf51c68fa9118efa08b9edcc3dfb14ee7580e3d5d6ab0a8413cd9525?s=96&d=mm&r=g\",\"contentUrl\":\"https:\/\/secure.gravatar.com\/avatar\/fe1dd550bf51c68fa9118efa08b9edcc3dfb14ee7580e3d5d6ab0a8413cd9525?s=96&d=mm&r=g\",\"caption\":\"admin\"},\"sameAs\":[\"https:\/\/radan.ro\"],\"url\":\"https:\/\/radan.ro\/en\/author\/admin\/\"}]}<\/script>\n<!-- \/ Yoast SEO plugin. -->","yoast_head_json":{"title":"WEBER HybriDX-LT - Radan","robots":{"index":"index","follow":"follow","max-snippet":"max-snippet:-1","max-image-preview":"max-image-preview:large","max-video-preview":"max-video-preview:-1"},"canonical":"https:\/\/radan.ro\/en\/hans-weber\/weber-hybridx-lt\/","og_locale":"en_GB","og_type":"article","og_title":"WEBER HybriDX-LT - Radan","og_description":"WEBER, \u00een colaborare cu Reichenbacher Hamuel GmbH, a dezvoltat solu\u021bii inovatoare de ma\u0219ini care ofer\u0103 capacit\u0103\u021bi complete de fabrica\u021bie aditiv\u0103. Aceste ma\u0219ini hibride utilizeaz\u0103 o metod\u0103 unic\u0103 \u00een care granulele de plastic sunt topite direct, apoi stratificate pentru a forma componente. Caracteristica remarcabil\u0103 a ma\u0219inilor WEBER este unitatea integrat\u0103 de frezare, care permite prelucrarea imediat\u0103 [&hellip;]","og_url":"https:\/\/radan.ro\/en\/hans-weber\/weber-hybridx-lt\/","og_site_name":"Radan","article_published_time":"2023-12-05T12:42:43+00:00","article_modified_time":"2023-12-19T08:23:09+00:00","og_image":[{"width":452,"height":339,"url":"https:\/\/radan.ro\/wp-content\/uploads\/2023\/12\/unnamed__6_-removebg-preview-1.png","type":"image\/png"}],"author":"admin","twitter_card":"summary_large_image","twitter_misc":{"Written by":"admin","Estimated reading time":"1 minute"},"schema":{"@context":"https:\/\/schema.org","@graph":[{"@type":"Article","@id":"https:\/\/radan.ro\/hans-weber\/weber-hybridx-lt\/#article","isPartOf":{"@id":"https:\/\/radan.ro\/hans-weber\/weber-hybridx-lt\/"},"author":{"name":"admin","@id":"https:\/\/radan.ro\/#\/schema\/person\/35a8ffcb0421589073943b1459ceedf4"},"headline":"WEBER HybriDX-LT","datePublished":"2023-12-05T12:42:43+00:00","dateModified":"2023-12-19T08:23:09+00:00","mainEntityOfPage":{"@id":"https:\/\/radan.ro\/hans-weber\/weber-hybridx-lt\/"},"wordCount":228,"commentCount":0,"publisher":{"@id":"https:\/\/radan.ro\/#organization"},"articleSection":["Hans WEBER","Printere 3d"],"inLanguage":"en-GB","potentialAction":[{"@type":"CommentAction","name":"Comment","target":["https:\/\/radan.ro\/hans-weber\/weber-hybridx-lt\/#respond"]}]},{"@type":"WebPage","@id":"https:\/\/radan.ro\/hans-weber\/weber-hybridx-lt\/","url":"https:\/\/radan.ro\/hans-weber\/weber-hybridx-lt\/","name":"WEBER HybriDX-LT - Radan","isPartOf":{"@id":"https:\/\/radan.ro\/#website"},"datePublished":"2023-12-05T12:42:43+00:00","dateModified":"2023-12-19T08:23:09+00:00","breadcrumb":{"@id":"https:\/\/radan.ro\/hans-weber\/weber-hybridx-lt\/#breadcrumb"},"inLanguage":"en-GB","potentialAction":[{"@type":"ReadAction","target":["https:\/\/radan.ro\/hans-weber\/weber-hybridx-lt\/"]}]},{"@type":"BreadcrumbList","@id":"https:\/\/radan.ro\/hans-weber\/weber-hybridx-lt\/#breadcrumb","itemListElement":[{"@type":"ListItem","position":1,"name":"Home","item":"https:\/\/radan.ro\/"},{"@type":"ListItem","position":2,"name":"WEBER HybriDX-LT"}]},{"@type":"WebSite","@id":"https:\/\/radan.ro\/#website","url":"https:\/\/radan.ro\/","name":"Radan","description":"Construim \u00eempreun\u0103 un viitor sustenabil \u00een prelucrarea maselor plastice.","publisher":{"@id":"https:\/\/radan.ro\/#organization"},"potentialAction":[{"@type":"SearchAction","target":{"@type":"EntryPoint","urlTemplate":"https:\/\/radan.ro\/?s={search_term_string}"},"query-input":"required name=search_term_string"}],"inLanguage":"en-GB"},{"@type":"Organization","@id":"https:\/\/radan.ro\/#organization","name":"Radan","url":"https:\/\/radan.ro\/","logo":{"@type":"ImageObject","inLanguage":"en-GB","@id":"https:\/\/radan.ro\/#\/schema\/logo\/image\/","url":"https:\/\/radan.ro\/wp-content\/uploads\/2023\/11\/rsz_logo_radan_no_bg-2.webp","contentUrl":"https:\/\/radan.ro\/wp-content\/uploads\/2023\/11\/rsz_logo_radan_no_bg-2.webp","width":877,"height":1240,"caption":"Radan"},"image":{"@id":"https:\/\/radan.ro\/#\/schema\/logo\/image\/"},"sameAs":["https:\/\/www.linkedin.com\/company\/radan-ro\/"]},{"@type":"Person","@id":"https:\/\/radan.ro\/#\/schema\/person\/35a8ffcb0421589073943b1459ceedf4","name":"admin","image":{"@type":"ImageObject","inLanguage":"en-GB","@id":"https:\/\/radan.ro\/#\/schema\/person\/image\/","url":"https:\/\/secure.gravatar.com\/avatar\/fe1dd550bf51c68fa9118efa08b9edcc3dfb14ee7580e3d5d6ab0a8413cd9525?s=96&d=mm&r=g","contentUrl":"https:\/\/secure.gravatar.com\/avatar\/fe1dd550bf51c68fa9118efa08b9edcc3dfb14ee7580e3d5d6ab0a8413cd9525?s=96&d=mm&r=g","caption":"admin"},"sameAs":["https:\/\/radan.ro"],"url":"https:\/\/radan.ro\/en\/author\/admin\/"}]}},"_links":{"self":[{"href":"https:\/\/radan.ro\/en\/wp-json\/wp\/v2\/posts\/282","targetHints":{"allow":["GET"]}}],"collection":[{"href":"https:\/\/radan.ro\/en\/wp-json\/wp\/v2\/posts"}],"about":[{"href":"https:\/\/radan.ro\/en\/wp-json\/wp\/v2\/types\/post"}],"author":[{"embeddable":true,"href":"https:\/\/radan.ro\/en\/wp-json\/wp\/v2\/users\/1"}],"replies":[{"embeddable":true,"href":"https:\/\/radan.ro\/en\/wp-json\/wp\/v2\/comments?post=282"}],"version-history":[{"count":7,"href":"https:\/\/radan.ro\/en\/wp-json\/wp\/v2\/posts\/282\/revisions"}],"predecessor-version":[{"id":938,"href":"https:\/\/radan.ro\/en\/wp-json\/wp\/v2\/posts\/282\/revisions\/938"}],"wp:featuredmedia":[{"embeddable":true,"href":"https:\/\/radan.ro\/en\/wp-json\/wp\/v2\/media\/284"}],"wp:attachment":[{"href":"https:\/\/radan.ro\/en\/wp-json\/wp\/v2\/media?parent=282"}],"wp:term":[{"taxonomy":"category","embeddable":true,"href":"https:\/\/radan.ro\/en\/wp-json\/wp\/v2\/categories?post=282"},{"taxonomy":"post_tag","embeddable":true,"href":"https:\/\/radan.ro\/en\/wp-json\/wp\/v2\/tags?post=282"}],"curies":[{"name":"wp","href":"https:\/\/api.w.org\/{rel}","templated":true}]}}