{"id":291,"date":"2023-12-05T12:35:07","date_gmt":"2023-12-05T12:35:07","guid":{"rendered":"https:\/\/radan.ro\/?p=291"},"modified":"2023-12-19T09:50:26","modified_gmt":"2023-12-19T09:50:26","slug":"granulare-pvc","status":"publish","type":"post","link":"https:\/\/radan.ro\/en\/hans-weber\/granulare-pvc\/","title":{"rendered":"PVC Granulation"},"content":{"rendered":"<div data-elementor-type=\"wp-post\" data-elementor-id=\"291\" class=\"elementor elementor-291\" data-elementor-post-type=\"post\">\n\t\t\t\t\t\t\t<div class=\"elementor-element elementor-element-d40e74b e-flex e-con-boxed e-con e-parent\" data-id=\"d40e74b\" data-element_type=\"container\" data-settings=\"{&quot;container_type&quot;:&quot;flex&quot;,&quot;content_width&quot;:&quot;boxed&quot;}\" data-core-v316-plus=\"true\">\n\t\t\t\t\t<div class=\"e-con-inner\">\n\t\t\t\t<div class=\"elementor-element elementor-element-16166b2f elementor-widget elementor-widget-text-editor\" data-id=\"16166b2f\" data-element_type=\"widget\" data-widget_type=\"text-editor.default\">\n\t\t\t\t<div class=\"elementor-widget-container\">\n\t\t\t<style>\/*! elementor - v3.17.0 - 08-11-2023 *\/\n.elementor-widget-text-editor.elementor-drop-cap-view-stacked .elementor-drop-cap{background-color:#69727d;color:#fff}.elementor-widget-text-editor.elementor-drop-cap-view-framed .elementor-drop-cap{color:#69727d;border:3px solid;background-color:transparent}.elementor-widget-text-editor:not(.elementor-drop-cap-view-default) .elementor-drop-cap{margin-top:8px}.elementor-widget-text-editor:not(.elementor-drop-cap-view-default) .elementor-drop-cap-letter{width:1em;height:1em}.elementor-widget-text-editor .elementor-drop-cap{float:left;text-align:center;line-height:1;font-size:50px}.elementor-widget-text-editor .elementor-drop-cap-letter{display:inline-block}<\/style>\t\t\t\t<!-- wp:paragraph -->\n<p>Tackling the challenges of the circular economy, WEBER's PVC granulation process is key to maximizing the reuse of products. This advanced method involves not just transforming PVC into recycled granules, but also enhancing the quality of the mixed material, efficient drying, and milling. WEBER offers complete granulation lines designed to meet a variety of specific requirements.<\/p>\n<!-- \/wp:paragraph -->\n\n<!-- wp:paragraph -->\n<p>With WEBER's new granulator, you can achieve production capacities of up to 2500 kg\/h, utilizing an efficient hot-cut method. The process is designed with a special focus on operational safety, ease of handling, and maintaining a consistent and high quality of PVC granules.<\/p>\n<!-- \/wp:paragraph -->\n\n<!-- wp:paragraph -->\n<p>Explore the benefits of PVC granulation with WEBER, a key solution for sustainable and efficient production, contributing to the reuse and recycling goals within the circular economy.<\/p>\n<!-- \/wp:paragraph -->\n\n<!-- wp:heading {\"level\":3} -->\n<h3 class=\"wp-block-heading\">Capacities<\/h3>\n<!-- \/wp:heading -->\n\n<!-- wp:table -->\n<figure class=\"wp-block-table\"><table><tbody><tr><td>Modelul<\/td><td>max. output PVC-P<\/td><td>max. output PVC-U pipe&nbsp;<\/td><td>max. output PVC-U profile<\/td><\/tr><tr><td>DS7.32G<\/td><td>700 kg\/h<\/td><td>550 kg\/h<\/td><td>350 kg\/h<\/td><\/tr><tr><td>DS9.32G<\/td><td>1250 kg\/h<\/td><td>950 kg\/h<\/td><td>640 kg\/h<\/td><\/tr><tr><td>DS12.32G<\/td><td>1750 kg\/h<\/td><td>1400 kg\/h<\/td><td>950 kg\/h<\/td><\/tr><tr><td>DS14.32G<\/td><td>2500 kg\/h<\/td><td>2000 kg\/h<\/td><td>1240 kg\/h<\/td><\/tr><\/tbody><\/table><\/figure>\n<!-- \/wp:table -->\t\t\t\t\t\t<\/div>\n\t\t\t\t<\/div>\n\t\t\t\t\t<\/div>\n\t\t\t\t<\/div>\n\t\t\t\t\t\t\t<\/div>","protected":false},"excerpt":{"rendered":"<p>Abord\u00e2nd provoc\u0103rile economiei circulare, procesul de granulare a PVC-ului de la WEBER este esen\u021bial pentru maximizarea reutiliz\u0103rii produselor. Aceast\u0103 metod\u0103 avansat\u0103 implic\u0103 nu doar transformarea PVC-ului \u00een granule reciclate, ci \u0219i \u00eembun\u0103t\u0103\u021birea calit\u0103\u021bii materialului amestecat, uscarea \u0219i m\u0103cinarea eficient\u0103. WEBER ofer\u0103 linii complete de granulare, concepute pentru a satisface o varietate de cerin\u021be specifice. Cu [&hellip;]<\/p>","protected":false},"author":1,"featured_media":292,"comment_status":"open","ping_status":"open","sticky":false,"template":"","format":"standard","meta":{"footnotes":""},"categories":[6],"tags":[],"class_list":["post-291","post","type-post","status-publish","format-standard","has-post-thumbnail","hentry","category-hans-weber"],"yoast_head":"<!-- This site is optimized with the Yoast SEO plugin v21.8 - https:\/\/yoast.com\/wordpress\/plugins\/seo\/ -->\n<title>Granulare PVC - Radan<\/title>\n<meta name=\"robots\" content=\"index, follow, max-snippet:-1, max-image-preview:large, max-video-preview:-1\" \/>\n<link rel=\"canonical\" href=\"https:\/\/radan.ro\/en\/hans-weber\/granulare-pvc\/\" \/>\n<meta property=\"og:locale\" content=\"en_GB\" \/>\n<meta property=\"og:type\" content=\"article\" \/>\n<meta property=\"og:title\" content=\"Granulare PVC - Radan\" \/>\n<meta property=\"og:description\" content=\"Abord\u00e2nd provoc\u0103rile economiei circulare, procesul de granulare a PVC-ului de la WEBER este esen\u021bial pentru maximizarea reutiliz\u0103rii produselor. Aceast\u0103 metod\u0103 avansat\u0103 implic\u0103 nu doar transformarea PVC-ului \u00een granule reciclate, ci \u0219i \u00eembun\u0103t\u0103\u021birea calit\u0103\u021bii materialului amestecat, uscarea \u0219i m\u0103cinarea eficient\u0103. WEBER ofer\u0103 linii complete de granulare, concepute pentru a satisface o varietate de cerin\u021be specifice. Cu [&hellip;]\" \/>\n<meta property=\"og:url\" content=\"https:\/\/radan.ro\/en\/hans-weber\/granulare-pvc\/\" \/>\n<meta property=\"og:site_name\" content=\"Radan\" \/>\n<meta property=\"article:published_time\" content=\"2023-12-05T12:35:07+00:00\" \/>\n<meta property=\"article:modified_time\" content=\"2023-12-19T09:50:26+00:00\" \/>\n<meta property=\"og:image\" content=\"https:\/\/radan.ro\/wp-content\/uploads\/2023\/12\/unnamed__7_-removebg-preview.png\" \/>\n\t<meta property=\"og:image:width\" content=\"512\" \/>\n\t<meta property=\"og:image:height\" content=\"288\" \/>\n\t<meta property=\"og:image:type\" content=\"image\/png\" \/>\n<meta name=\"author\" content=\"admin\" \/>\n<meta name=\"twitter:card\" content=\"summary_large_image\" \/>\n<meta name=\"twitter:label1\" content=\"Written by\" \/>\n\t<meta name=\"twitter:data1\" content=\"admin\" \/>\n\t<meta name=\"twitter:label2\" content=\"Estimated reading time\" \/>\n\t<meta name=\"twitter:data2\" content=\"1 minute\" \/>\n<script type=\"application\/ld+json\" class=\"yoast-schema-graph\">{\"@context\":\"https:\/\/schema.org\",\"@graph\":[{\"@type\":\"Article\",\"@id\":\"https:\/\/radan.ro\/hans-weber\/granulare-pvc\/#article\",\"isPartOf\":{\"@id\":\"https:\/\/radan.ro\/hans-weber\/granulare-pvc\/\"},\"author\":{\"name\":\"admin\",\"@id\":\"https:\/\/radan.ro\/#\/schema\/person\/35a8ffcb0421589073943b1459ceedf4\"},\"headline\":\"Granulare PVC\",\"datePublished\":\"2023-12-05T12:35:07+00:00\",\"dateModified\":\"2023-12-19T09:50:26+00:00\",\"mainEntityOfPage\":{\"@id\":\"https:\/\/radan.ro\/hans-weber\/granulare-pvc\/\"},\"wordCount\":201,\"commentCount\":0,\"publisher\":{\"@id\":\"https:\/\/radan.ro\/#organization\"},\"articleSection\":[\"Hans WEBER\"],\"inLanguage\":\"en-GB\",\"potentialAction\":[{\"@type\":\"CommentAction\",\"name\":\"Comment\",\"target\":[\"https:\/\/radan.ro\/hans-weber\/granulare-pvc\/#respond\"]}]},{\"@type\":\"WebPage\",\"@id\":\"https:\/\/radan.ro\/hans-weber\/granulare-pvc\/\",\"url\":\"https:\/\/radan.ro\/hans-weber\/granulare-pvc\/\",\"name\":\"Granulare PVC - Radan\",\"isPartOf\":{\"@id\":\"https:\/\/radan.ro\/#website\"},\"datePublished\":\"2023-12-05T12:35:07+00:00\",\"dateModified\":\"2023-12-19T09:50:26+00:00\",\"breadcrumb\":{\"@id\":\"https:\/\/radan.ro\/hans-weber\/granulare-pvc\/#breadcrumb\"},\"inLanguage\":\"en-GB\",\"potentialAction\":[{\"@type\":\"ReadAction\",\"target\":[\"https:\/\/radan.ro\/hans-weber\/granulare-pvc\/\"]}]},{\"@type\":\"BreadcrumbList\",\"@id\":\"https:\/\/radan.ro\/hans-weber\/granulare-pvc\/#breadcrumb\",\"itemListElement\":[{\"@type\":\"ListItem\",\"position\":1,\"name\":\"Home\",\"item\":\"https:\/\/radan.ro\/\"},{\"@type\":\"ListItem\",\"position\":2,\"name\":\"Granulare PVC\"}]},{\"@type\":\"WebSite\",\"@id\":\"https:\/\/radan.ro\/#website\",\"url\":\"https:\/\/radan.ro\/\",\"name\":\"Radan\",\"description\":\"Construim \u00eempreun\u0103 un viitor sustenabil \u00een prelucrarea maselor plastice.\",\"publisher\":{\"@id\":\"https:\/\/radan.ro\/#organization\"},\"potentialAction\":[{\"@type\":\"SearchAction\",\"target\":{\"@type\":\"EntryPoint\",\"urlTemplate\":\"https:\/\/radan.ro\/?s={search_term_string}\"},\"query-input\":\"required name=search_term_string\"}],\"inLanguage\":\"en-GB\"},{\"@type\":\"Organization\",\"@id\":\"https:\/\/radan.ro\/#organization\",\"name\":\"Radan\",\"url\":\"https:\/\/radan.ro\/\",\"logo\":{\"@type\":\"ImageObject\",\"inLanguage\":\"en-GB\",\"@id\":\"https:\/\/radan.ro\/#\/schema\/logo\/image\/\",\"url\":\"https:\/\/radan.ro\/wp-content\/uploads\/2023\/11\/rsz_logo_radan_no_bg-2.webp\",\"contentUrl\":\"https:\/\/radan.ro\/wp-content\/uploads\/2023\/11\/rsz_logo_radan_no_bg-2.webp\",\"width\":877,\"height\":1240,\"caption\":\"Radan\"},\"image\":{\"@id\":\"https:\/\/radan.ro\/#\/schema\/logo\/image\/\"},\"sameAs\":[\"https:\/\/www.linkedin.com\/company\/radan-ro\/\"]},{\"@type\":\"Person\",\"@id\":\"https:\/\/radan.ro\/#\/schema\/person\/35a8ffcb0421589073943b1459ceedf4\",\"name\":\"admin\",\"image\":{\"@type\":\"ImageObject\",\"inLanguage\":\"en-GB\",\"@id\":\"https:\/\/radan.ro\/#\/schema\/person\/image\/\",\"url\":\"https:\/\/secure.gravatar.com\/avatar\/fe1dd550bf51c68fa9118efa08b9edcc3dfb14ee7580e3d5d6ab0a8413cd9525?s=96&d=mm&r=g\",\"contentUrl\":\"https:\/\/secure.gravatar.com\/avatar\/fe1dd550bf51c68fa9118efa08b9edcc3dfb14ee7580e3d5d6ab0a8413cd9525?s=96&d=mm&r=g\",\"caption\":\"admin\"},\"sameAs\":[\"https:\/\/radan.ro\"],\"url\":\"https:\/\/radan.ro\/en\/author\/admin\/\"}]}<\/script>\n<!-- \/ Yoast SEO plugin. -->","yoast_head_json":{"title":"Granulare PVC - Radan","robots":{"index":"index","follow":"follow","max-snippet":"max-snippet:-1","max-image-preview":"max-image-preview:large","max-video-preview":"max-video-preview:-1"},"canonical":"https:\/\/radan.ro\/en\/hans-weber\/granulare-pvc\/","og_locale":"en_GB","og_type":"article","og_title":"Granulare PVC - Radan","og_description":"Abord\u00e2nd provoc\u0103rile economiei circulare, procesul de granulare a PVC-ului de la WEBER este esen\u021bial pentru maximizarea reutiliz\u0103rii produselor. Aceast\u0103 metod\u0103 avansat\u0103 implic\u0103 nu doar transformarea PVC-ului \u00een granule reciclate, ci \u0219i \u00eembun\u0103t\u0103\u021birea calit\u0103\u021bii materialului amestecat, uscarea \u0219i m\u0103cinarea eficient\u0103. WEBER ofer\u0103 linii complete de granulare, concepute pentru a satisface o varietate de cerin\u021be specifice. Cu [&hellip;]","og_url":"https:\/\/radan.ro\/en\/hans-weber\/granulare-pvc\/","og_site_name":"Radan","article_published_time":"2023-12-05T12:35:07+00:00","article_modified_time":"2023-12-19T09:50:26+00:00","og_image":[{"width":512,"height":288,"url":"https:\/\/radan.ro\/wp-content\/uploads\/2023\/12\/unnamed__7_-removebg-preview.png","type":"image\/png"}],"author":"admin","twitter_card":"summary_large_image","twitter_misc":{"Written by":"admin","Estimated reading time":"1 minute"},"schema":{"@context":"https:\/\/schema.org","@graph":[{"@type":"Article","@id":"https:\/\/radan.ro\/hans-weber\/granulare-pvc\/#article","isPartOf":{"@id":"https:\/\/radan.ro\/hans-weber\/granulare-pvc\/"},"author":{"name":"admin","@id":"https:\/\/radan.ro\/#\/schema\/person\/35a8ffcb0421589073943b1459ceedf4"},"headline":"Granulare PVC","datePublished":"2023-12-05T12:35:07+00:00","dateModified":"2023-12-19T09:50:26+00:00","mainEntityOfPage":{"@id":"https:\/\/radan.ro\/hans-weber\/granulare-pvc\/"},"wordCount":201,"commentCount":0,"publisher":{"@id":"https:\/\/radan.ro\/#organization"},"articleSection":["Hans WEBER"],"inLanguage":"en-GB","potentialAction":[{"@type":"CommentAction","name":"Comment","target":["https:\/\/radan.ro\/hans-weber\/granulare-pvc\/#respond"]}]},{"@type":"WebPage","@id":"https:\/\/radan.ro\/hans-weber\/granulare-pvc\/","url":"https:\/\/radan.ro\/hans-weber\/granulare-pvc\/","name":"Granulare PVC - Radan","isPartOf":{"@id":"https:\/\/radan.ro\/#website"},"datePublished":"2023-12-05T12:35:07+00:00","dateModified":"2023-12-19T09:50:26+00:00","breadcrumb":{"@id":"https:\/\/radan.ro\/hans-weber\/granulare-pvc\/#breadcrumb"},"inLanguage":"en-GB","potentialAction":[{"@type":"ReadAction","target":["https:\/\/radan.ro\/hans-weber\/granulare-pvc\/"]}]},{"@type":"BreadcrumbList","@id":"https:\/\/radan.ro\/hans-weber\/granulare-pvc\/#breadcrumb","itemListElement":[{"@type":"ListItem","position":1,"name":"Home","item":"https:\/\/radan.ro\/"},{"@type":"ListItem","position":2,"name":"Granulare PVC"}]},{"@type":"WebSite","@id":"https:\/\/radan.ro\/#website","url":"https:\/\/radan.ro\/","name":"Radan","description":"Construim \u00eempreun\u0103 un viitor sustenabil \u00een prelucrarea maselor plastice.","publisher":{"@id":"https:\/\/radan.ro\/#organization"},"potentialAction":[{"@type":"SearchAction","target":{"@type":"EntryPoint","urlTemplate":"https:\/\/radan.ro\/?s={search_term_string}"},"query-input":"required name=search_term_string"}],"inLanguage":"en-GB"},{"@type":"Organization","@id":"https:\/\/radan.ro\/#organization","name":"Radan","url":"https:\/\/radan.ro\/","logo":{"@type":"ImageObject","inLanguage":"en-GB","@id":"https:\/\/radan.ro\/#\/schema\/logo\/image\/","url":"https:\/\/radan.ro\/wp-content\/uploads\/2023\/11\/rsz_logo_radan_no_bg-2.webp","contentUrl":"https:\/\/radan.ro\/wp-content\/uploads\/2023\/11\/rsz_logo_radan_no_bg-2.webp","width":877,"height":1240,"caption":"Radan"},"image":{"@id":"https:\/\/radan.ro\/#\/schema\/logo\/image\/"},"sameAs":["https:\/\/www.linkedin.com\/company\/radan-ro\/"]},{"@type":"Person","@id":"https:\/\/radan.ro\/#\/schema\/person\/35a8ffcb0421589073943b1459ceedf4","name":"admin","image":{"@type":"ImageObject","inLanguage":"en-GB","@id":"https:\/\/radan.ro\/#\/schema\/person\/image\/","url":"https:\/\/secure.gravatar.com\/avatar\/fe1dd550bf51c68fa9118efa08b9edcc3dfb14ee7580e3d5d6ab0a8413cd9525?s=96&d=mm&r=g","contentUrl":"https:\/\/secure.gravatar.com\/avatar\/fe1dd550bf51c68fa9118efa08b9edcc3dfb14ee7580e3d5d6ab0a8413cd9525?s=96&d=mm&r=g","caption":"admin"},"sameAs":["https:\/\/radan.ro"],"url":"https:\/\/radan.ro\/en\/author\/admin\/"}]}},"_links":{"self":[{"href":"https:\/\/radan.ro\/en\/wp-json\/wp\/v2\/posts\/291","targetHints":{"allow":["GET"]}}],"collection":[{"href":"https:\/\/radan.ro\/en\/wp-json\/wp\/v2\/posts"}],"about":[{"href":"https:\/\/radan.ro\/en\/wp-json\/wp\/v2\/types\/post"}],"author":[{"embeddable":true,"href":"https:\/\/radan.ro\/en\/wp-json\/wp\/v2\/users\/1"}],"replies":[{"embeddable":true,"href":"https:\/\/radan.ro\/en\/wp-json\/wp\/v2\/comments?post=291"}],"version-history":[{"count":4,"href":"https:\/\/radan.ro\/en\/wp-json\/wp\/v2\/posts\/291\/revisions"}],"predecessor-version":[{"id":968,"href":"https:\/\/radan.ro\/en\/wp-json\/wp\/v2\/posts\/291\/revisions\/968"}],"wp:featuredmedia":[{"embeddable":true,"href":"https:\/\/radan.ro\/en\/wp-json\/wp\/v2\/media\/292"}],"wp:attachment":[{"href":"https:\/\/radan.ro\/en\/wp-json\/wp\/v2\/media?parent=291"}],"wp:term":[{"taxonomy":"category","embeddable":true,"href":"https:\/\/radan.ro\/en\/wp-json\/wp\/v2\/categories?post=291"},{"taxonomy":"post_tag","embeddable":true,"href":"https:\/\/radan.ro\/en\/wp-json\/wp\/v2\/tags?post=291"}],"curies":[{"name":"wp","href":"https:\/\/api.w.org\/{rel}","templated":true}]}}